{"id":1029,"date":"2015-02-24T17:21:26","date_gmt":"2015-02-24T16:21:26","guid":{"rendered":"http:\/\/cppaderborn.educacion.navarra.es\/web\/?p=1029"},"modified":"2015-03-05T11:27:49","modified_gmt":"2015-03-05T10:27:49","slug":"die-riesen-von-pamplona","status":"publish","type":"post","link":"https:\/\/cppaderborn.educacion.navarra.es\/web\/blog\/die-riesen-von-pamplona\/","title":{"rendered":"Die Riesen von Pamplona !!!"},"content":{"rendered":"<p>Unsere 3 und 4 j\u00e4hrige Kindergartenkinder haben heute die Riesen von Pamplona besucht.<\/p>\n<h2><a href=\"https:\/\/cppaderborn.educacion.navarra.es\/web\/wp-content\/uploads\/2015\/02\/SDC14570-.jpg\"><img fetchpriority=\"high\" decoding=\"async\" class=\"aligncenter size-large wp-image-1021\" src=\"https:\/\/cppaderborn.educacion.navarra.es\/web\/wp-content\/uploads\/2015\/02\/SDC14570--1024x768.jpg\" alt=\"SDC14570-\" width=\"1024\" height=\"768\" srcset=\"https:\/\/cppaderborn.educacion.navarra.es\/web\/wp-content\/uploads\/2015\/02\/SDC14570--1024x768.jpg 1024w, https:\/\/cppaderborn.educacion.navarra.es\/web\/wp-content\/uploads\/2015\/02\/SDC14570--300x225.jpg 300w\" sizes=\"(max-width: 1024px) 100vw, 1024px\" \/><\/a> <a href=\"https:\/\/cppaderborn.educacion.navarra.es\/web\/wp-content\/uploads\/2015\/02\/SDC14568-.jpg\"><img decoding=\"async\" class=\"aligncenter size-large wp-image-1019\" src=\"https:\/\/cppaderborn.educacion.navarra.es\/web\/wp-content\/uploads\/2015\/02\/SDC14568--1024x768.jpg\" alt=\"SDC14568-\" width=\"1024\" height=\"768\" srcset=\"https:\/\/cppaderborn.educacion.navarra.es\/web\/wp-content\/uploads\/2015\/02\/SDC14568--1024x768.jpg 1024w, https:\/\/cppaderborn.educacion.navarra.es\/web\/wp-content\/uploads\/2015\/02\/SDC14568--300x225.jpg 300w\" sizes=\"(max-width: 1024px) 100vw, 1024px\" \/><\/a> <a href=\"https:\/\/cppaderborn.educacion.navarra.es\/web\/wp-content\/uploads\/2015\/02\/SDC14566-.jpg\"><img decoding=\"async\" class=\"aligncenter size-large wp-image-1017\" src=\"https:\/\/cppaderborn.educacion.navarra.es\/web\/wp-content\/uploads\/2015\/02\/SDC14566--1024x768.jpg\" alt=\"SDC14566-\" width=\"1024\" height=\"768\" srcset=\"https:\/\/cppaderborn.educacion.navarra.es\/web\/wp-content\/uploads\/2015\/02\/SDC14566--1024x768.jpg 1024w, https:\/\/cppaderborn.educacion.navarra.es\/web\/wp-content\/uploads\/2015\/02\/SDC14566--300x225.jpg 300w\" sizes=\"(max-width: 1024px) 100vw, 1024px\" \/><\/a> <a href=\"https:\/\/cppaderborn.educacion.navarra.es\/web\/wp-content\/uploads\/2015\/02\/SDC14539-.jpg\"><img loading=\"lazy\" decoding=\"async\" class=\"aligncenter size-large wp-image-1015\" src=\"https:\/\/cppaderborn.educacion.navarra.es\/web\/wp-content\/uploads\/2015\/02\/SDC14539--1024x768.jpg\" alt=\"SDC14539-\" width=\"1024\" height=\"768\" srcset=\"https:\/\/cppaderborn.educacion.navarra.es\/web\/wp-content\/uploads\/2015\/02\/SDC14539--1024x768.jpg 1024w, https:\/\/cppaderborn.educacion.navarra.es\/web\/wp-content\/uploads\/2015\/02\/SDC14539--300x225.jpg 300w\" sizes=\"(max-width: 1024px) 100vw, 1024px\" \/><\/a> <a href=\"https:\/\/cppaderborn.educacion.navarra.es\/web\/wp-content\/uploads\/2015\/02\/SDC14537-.jpg\"><img loading=\"lazy\" decoding=\"async\" class=\"aligncenter size-large wp-image-1009\" src=\"https:\/\/cppaderborn.educacion.navarra.es\/web\/wp-content\/uploads\/2015\/02\/SDC14537--1024x768.jpg\" alt=\"SDC14537-\" width=\"1024\" height=\"768\" srcset=\"https:\/\/cppaderborn.educacion.navarra.es\/web\/wp-content\/uploads\/2015\/02\/SDC14537--1024x768.jpg 1024w, https:\/\/cppaderborn.educacion.navarra.es\/web\/wp-content\/uploads\/2015\/02\/SDC14537--300x225.jpg 300w\" sizes=\"(max-width: 1024px) 100vw, 1024px\" \/><\/a> <a href=\"https:\/\/cppaderborn.educacion.navarra.es\/web\/wp-content\/uploads\/2015\/02\/SDC14595-.jpg\"><img loading=\"lazy\" decoding=\"async\" class=\"aligncenter size-large wp-image-1007\" src=\"https:\/\/cppaderborn.educacion.navarra.es\/web\/wp-content\/uploads\/2015\/02\/SDC14595--1024x768.jpg\" alt=\"SDC14595-\" width=\"1024\" height=\"768\" srcset=\"https:\/\/cppaderborn.educacion.navarra.es\/web\/wp-content\/uploads\/2015\/02\/SDC14595--1024x768.jpg 1024w, https:\/\/cppaderborn.educacion.navarra.es\/web\/wp-content\/uploads\/2015\/02\/SDC14595--300x225.jpg 300w\" sizes=\"(max-width: 1024px) 100vw, 1024px\" \/><\/a> <span style=\"color: #800000;\">AUSFLUG ZU DEN RIESEN<\/span><\/h2>\n<p>Am dienstag, dem 24. Februar 2015, machten wir einen Ausflug zu den Riesen. Dazu fuhren wir mit dem Bus zum Busbahnhof, wo uns ein netter junger Man namens Pablo empfangen hat.<\/p>\n<p>Er hat uns viele interessante Dinge \u00faber die Riesen (die vier K\u00f6nigspaare) erz\u00e4hlt. zum Schluss tanzten wir sogar mit einem der K\u00f6nige.<\/p>\n<p>Wir hatten alle sehr viel Spa\u03b2 zusammen nei diesem tollen, und f\u00fcr die kinder aunch aufregenden, Erlebnis.<\/p>\n","protected":false},"excerpt":{"rendered":"<p>Unsere 3 und 4 j\u00e4hrige Kindergartenkinder haben heute die Riesen von Pamplona besucht. AUSFLUG ZU DEN RIESEN Am dienstag, dem 24. Februar 2015, machten wir einen Ausflug zu den Riesen. Dazu fuhren wir mit dem Bus zum Busbahnhof, wo uns ein netter junger Man namens Pablo empfangen hat. Er hat uns viele interessante Dinge \u00faber [&hellip;]<\/p>\n","protected":false},"author":1,"featured_media":1017,"comment_status":"open","ping_status":"open","sticky":false,"template":"","format":"standard","meta":{"_genesis_hide_title":false,"_genesis_hide_breadcrumbs":false,"_genesis_hide_singular_image":false,"_genesis_hide_footer_widgets":false,"_genesis_custom_body_class":"","_genesis_custom_post_class":"","_genesis_layout":"","jetpack_post_was_ever_published":false,"_jetpack_newsletter_access":"","_jetpack_dont_email_post_to_subs":false,"_jetpack_newsletter_tier_id":0,"_jetpack_memberships_contains_paywalled_content":false,"footnotes":"","_jetpack_memberships_contains_paid_content":false,"jetpack_publicize_message":"","jetpack_publicize_feature_enabled":true,"jetpack_social_post_already_shared":false,"jetpack_social_options":{"image_generator_settings":{"template":"highway","enabled":false}}},"categories":[1],"tags":[],"jetpack_publicize_connections":[],"jetpack_featured_media_url":"https:\/\/cppaderborn.educacion.navarra.es\/web\/wp-content\/uploads\/2015\/02\/SDC14566-.jpg","jetpack_sharing_enabled":true,"jetpack_likes_enabled":true,"_links":{"self":[{"href":"https:\/\/cppaderborn.educacion.navarra.es\/web\/wp-json\/wp\/v2\/posts\/1029"}],"collection":[{"href":"https:\/\/cppaderborn.educacion.navarra.es\/web\/wp-json\/wp\/v2\/posts"}],"about":[{"href":"https:\/\/cppaderborn.educacion.navarra.es\/web\/wp-json\/wp\/v2\/types\/post"}],"author":[{"embeddable":true,"href":"https:\/\/cppaderborn.educacion.navarra.es\/web\/wp-json\/wp\/v2\/users\/1"}],"replies":[{"embeddable":true,"href":"https:\/\/cppaderborn.educacion.navarra.es\/web\/wp-json\/wp\/v2\/comments?post=1029"}],"version-history":[{"count":3,"href":"https:\/\/cppaderborn.educacion.navarra.es\/web\/wp-json\/wp\/v2\/posts\/1029\/revisions"}],"predecessor-version":[{"id":1035,"href":"https:\/\/cppaderborn.educacion.navarra.es\/web\/wp-json\/wp\/v2\/posts\/1029\/revisions\/1035"}],"wp:featuredmedia":[{"embeddable":true,"href":"https:\/\/cppaderborn.educacion.navarra.es\/web\/wp-json\/wp\/v2\/media\/1017"}],"wp:attachment":[{"href":"https:\/\/cppaderborn.educacion.navarra.es\/web\/wp-json\/wp\/v2\/media?parent=1029"}],"wp:term":[{"taxonomy":"category","embeddable":true,"href":"https:\/\/cppaderborn.educacion.navarra.es\/web\/wp-json\/wp\/v2\/categories?post=1029"},{"taxonomy":"post_tag","embeddable":true,"href":"https:\/\/cppaderborn.educacion.navarra.es\/web\/wp-json\/wp\/v2\/tags?post=1029"}],"curies":[{"name":"wp","href":"https:\/\/api.w.org\/{rel}","templated":true}]}}