{"id":1175,"date":"2015-10-08T11:54:40","date_gmt":"2015-10-08T09:54:40","guid":{"rendered":"http:\/\/cppaderborn.educacion.navarra.es\/web\/?p=1175"},"modified":"2015-10-08T11:55:30","modified_gmt":"2015-10-08T09:55:30","slug":"visita-al-parlamento-europeo","status":"publish","type":"post","link":"https:\/\/cppaderborn.educacion.navarra.es\/web\/blog\/visita-al-parlamento-europeo\/","title":{"rendered":"Visita al Parlamento Europeo y Colegio Europeo"},"content":{"rendered":"<p>Una representaci\u00f3n del CPEIP \u00abPaderborn-V\u00edctor Pradera\u00bb (asociaci\u00f3n de padres\/madres Paderborn y Director) visitar\u00e1 el d\u00eda 12 de octubre el Parlamento Europeo. Daremos a saber nuestro proyecto educativo multiling\u00fce y nos entrevistaremos con varios europarlamentarios.<\/p>\n<p>Visitaremos tambi\u00e9n el Colegio Europeo Avenue du Vert Chasseur para conocer su proyecto y m\u00e9todo de trabajo.<\/p>\n<p>El programa ser\u00e1:<\/p>\n<p>A las <strong>10:10<\/strong> Visita al Colegio Europeo Avenue du Vert Chasseur 461180 Bruxelles (Uccle)<\/p>\n<p>A las <strong>15:00 visita al Parlamento Europeo (Rue Wiertz, 60), <\/strong>donde conoceremos el trabajo que se realiza en las instituciones europeas<\/p>\n<p>A las 17:30 Encuentro con Eurodiputados germanoparlantes de la Comisi\u00f3n de Educaci\u00f3n y Cultura del Parlamento Europeo.<\/p>\n<p><a href=\"https:\/\/cppaderborn.educacion.navarra.es\/web\/wp-content\/uploads\/2015\/10\/sesi\u00f3n-plenaria-PE.jpg\"><img fetchpriority=\"high\" decoding=\"async\" class=\"aligncenter size-large wp-image-1171\" src=\"https:\/\/cppaderborn.educacion.navarra.es\/web\/wp-content\/uploads\/2015\/10\/sesi\u00f3n-plenaria-PE-1024x685.jpg\" alt=\"sesi\u00f3n plenaria PE\" width=\"1024\" height=\"685\" srcset=\"https:\/\/cppaderborn.educacion.navarra.es\/web\/wp-content\/uploads\/2015\/10\/sesi\u00f3n-plenaria-PE-1024x685.jpg 1024w, https:\/\/cppaderborn.educacion.navarra.es\/web\/wp-content\/uploads\/2015\/10\/sesi\u00f3n-plenaria-PE-300x201.jpg 300w, https:\/\/cppaderborn.educacion.navarra.es\/web\/wp-content\/uploads\/2015\/10\/sesi\u00f3n-plenaria-PE.jpg 1134w\" sizes=\"(max-width: 1024px) 100vw, 1024px\" \/><\/a><\/p>\n","protected":false},"excerpt":{"rendered":"<p>Una representaci\u00f3n del CPEIP \u00abPaderborn-V\u00edctor Pradera\u00bb (asociaci\u00f3n de padres\/madres Paderborn y Director) visitar\u00e1 el d\u00eda 12 de octubre el Parlamento Europeo. Daremos a saber nuestro proyecto educativo multiling\u00fce y nos entrevistaremos con varios europarlamentarios. Visitaremos tambi\u00e9n el Colegio Europeo Avenue du Vert Chasseur para conocer su proyecto y m\u00e9todo de trabajo. El programa ser\u00e1: A [&hellip;]<\/p>\n","protected":false},"author":1,"featured_media":1173,"comment_status":"open","ping_status":"open","sticky":false,"template":"","format":"standard","meta":{"_genesis_hide_title":false,"_genesis_hide_breadcrumbs":false,"_genesis_hide_singular_image":false,"_genesis_hide_footer_widgets":false,"_genesis_custom_body_class":"","_genesis_custom_post_class":"","_genesis_layout":"","jetpack_post_was_ever_published":false,"_jetpack_newsletter_access":"","_jetpack_dont_email_post_to_subs":false,"_jetpack_newsletter_tier_id":0,"_jetpack_memberships_contains_paywalled_content":false,"footnotes":"","_jetpack_memberships_contains_paid_content":false,"jetpack_publicize_message":"","jetpack_publicize_feature_enabled":true,"jetpack_social_post_already_shared":false,"jetpack_social_options":{"image_generator_settings":{"template":"highway","enabled":false}}},"categories":[1],"tags":[],"jetpack_publicize_connections":[],"jetpack_featured_media_url":"https:\/\/cppaderborn.educacion.navarra.es\/web\/wp-content\/uploads\/2015\/10\/parlamentoeuropeo.jpg","jetpack_sharing_enabled":true,"jetpack_likes_enabled":true,"_links":{"self":[{"href":"https:\/\/cppaderborn.educacion.navarra.es\/web\/wp-json\/wp\/v2\/posts\/1175"}],"collection":[{"href":"https:\/\/cppaderborn.educacion.navarra.es\/web\/wp-json\/wp\/v2\/posts"}],"about":[{"href":"https:\/\/cppaderborn.educacion.navarra.es\/web\/wp-json\/wp\/v2\/types\/post"}],"author":[{"embeddable":true,"href":"https:\/\/cppaderborn.educacion.navarra.es\/web\/wp-json\/wp\/v2\/users\/1"}],"replies":[{"embeddable":true,"href":"https:\/\/cppaderborn.educacion.navarra.es\/web\/wp-json\/wp\/v2\/comments?post=1175"}],"version-history":[{"count":2,"href":"https:\/\/cppaderborn.educacion.navarra.es\/web\/wp-json\/wp\/v2\/posts\/1175\/revisions"}],"predecessor-version":[{"id":1177,"href":"https:\/\/cppaderborn.educacion.navarra.es\/web\/wp-json\/wp\/v2\/posts\/1175\/revisions\/1177"}],"wp:featuredmedia":[{"embeddable":true,"href":"https:\/\/cppaderborn.educacion.navarra.es\/web\/wp-json\/wp\/v2\/media\/1173"}],"wp:attachment":[{"href":"https:\/\/cppaderborn.educacion.navarra.es\/web\/wp-json\/wp\/v2\/media?parent=1175"}],"wp:term":[{"taxonomy":"category","embeddable":true,"href":"https:\/\/cppaderborn.educacion.navarra.es\/web\/wp-json\/wp\/v2\/categories?post=1175"},{"taxonomy":"post_tag","embeddable":true,"href":"https:\/\/cppaderborn.educacion.navarra.es\/web\/wp-json\/wp\/v2\/tags?post=1175"}],"curies":[{"name":"wp","href":"https:\/\/api.w.org\/{rel}","templated":true}]}}