{"id":1202,"date":"2015-11-09T15:21:26","date_gmt":"2015-11-09T14:21:26","guid":{"rendered":"http:\/\/cppaderborn.educacion.navarra.es\/web\/?p=1202"},"modified":"2015-11-09T15:29:19","modified_gmt":"2015-11-09T14:29:19","slug":"director-y-padres-visitan-el-european-school-brussels-i","status":"publish","type":"post","link":"https:\/\/cppaderborn.educacion.navarra.es\/web\/blog\/director-y-padres-visitan-el-european-school-brussels-i\/","title":{"rendered":"Director y padres visitan el  European School Brussels I"},"content":{"rendered":"<p>Director y padres\/madres de la APYMA del CPEIP Paderborn visitaron el Eruropean School de Bruselas,para conocer su proyecto pedag\u00f3gico. La delegaci\u00f3n del centro Paderborn fue recibida par la directora del colegio belga, Do\u00f1a Antonia Ruiz Esturla, que les presento el proyecto de un centro de 3400 alumnos que reciben clases en tres idiomas curriculares, franc\u00e9s, ingl\u00e9s y alem\u00e1n. Los alumnos pueden, adem\u00e1s,\u00a0 estudiar asignaturas hasta en otros doce idiomas.<\/p>\n<p>Es un centro Multicultural y Pluriling\u00fce. Todos los ni\u00f1@ terminan su trayectoria (desde Infantil \u2013Secundaria hasta Universidad, edad 4 a\u00f1os hasta 18 a\u00f1os) con 5 lenguas, introducidas paulatinamente a lo largo de la trayectoria.<\/p>\n<p>Recordar que es un colegio con un nivel de \u00e9xito escolar muy importante, basado en un sistema de apoyos muy fuerte, lo cual les permite llegar a unas metas de aprendizaje y conocimiento de 5 lenguas en niveles muy avanzados, adem\u00e1s del resto de asignaturas del curriculo, que les permite a la inmensa mayoria alumn@s ingresar en cualquiera de las universidades europeas.<\/p>\n<p><a href=\"https:\/\/cppaderborn.educacion.navarra.es\/web\/wp-content\/uploads\/2015\/11\/European-School-Brussels-I.pdf\" target=\"_blank\">European School Brussel I. Breve concepto pedag\u00f3gico<\/a><\/p>\n<p><a href=\"https:\/\/cppaderborn.educacion.navarra.es\/web\/wp-content\/uploads\/2015\/11\/cole-europeo.jpg\"><img fetchpriority=\"high\" decoding=\"async\" class=\"aligncenter size-large wp-image-1198\" src=\"https:\/\/cppaderborn.educacion.navarra.es\/web\/wp-content\/uploads\/2015\/11\/cole-europeo-1024x768.jpg\" alt=\"cole europeo\" width=\"1024\" height=\"768\" srcset=\"https:\/\/cppaderborn.educacion.navarra.es\/web\/wp-content\/uploads\/2015\/11\/cole-europeo-1024x768.jpg 1024w, https:\/\/cppaderborn.educacion.navarra.es\/web\/wp-content\/uploads\/2015\/11\/cole-europeo-300x225.jpg 300w\" sizes=\"(max-width: 1024px) 100vw, 1024px\" \/><\/a><\/p>\n","protected":false},"excerpt":{"rendered":"<p>Director y padres\/madres de la APYMA del CPEIP Paderborn visitaron el Eruropean School de Bruselas,para conocer su proyecto pedag\u00f3gico. La delegaci\u00f3n del centro Paderborn fue recibida par la directora del colegio belga, Do\u00f1a Antonia Ruiz Esturla, que les presento el proyecto de un centro de 3400 alumnos que reciben clases en tres idiomas curriculares, franc\u00e9s, [&hellip;]<\/p>\n","protected":false},"author":1,"featured_media":1196,"comment_status":"open","ping_status":"open","sticky":false,"template":"","format":"standard","meta":{"_genesis_hide_title":false,"_genesis_hide_breadcrumbs":false,"_genesis_hide_singular_image":false,"_genesis_hide_footer_widgets":false,"_genesis_custom_body_class":"","_genesis_custom_post_class":"","_genesis_layout":"","jetpack_post_was_ever_published":false,"_jetpack_newsletter_access":"","_jetpack_dont_email_post_to_subs":false,"_jetpack_newsletter_tier_id":0,"_jetpack_memberships_contains_paywalled_content":false,"footnotes":"","_jetpack_memberships_contains_paid_content":false,"jetpack_publicize_message":"","jetpack_publicize_feature_enabled":true,"jetpack_social_post_already_shared":false,"jetpack_social_options":{"image_generator_settings":{"template":"highway","enabled":false}}},"categories":[1],"tags":[],"jetpack_publicize_connections":[],"jetpack_featured_media_url":"https:\/\/cppaderborn.educacion.navarra.es\/web\/wp-content\/uploads\/2015\/11\/IMG_5601.jpg","jetpack_sharing_enabled":true,"jetpack_likes_enabled":true,"_links":{"self":[{"href":"https:\/\/cppaderborn.educacion.navarra.es\/web\/wp-json\/wp\/v2\/posts\/1202"}],"collection":[{"href":"https:\/\/cppaderborn.educacion.navarra.es\/web\/wp-json\/wp\/v2\/posts"}],"about":[{"href":"https:\/\/cppaderborn.educacion.navarra.es\/web\/wp-json\/wp\/v2\/types\/post"}],"author":[{"embeddable":true,"href":"https:\/\/cppaderborn.educacion.navarra.es\/web\/wp-json\/wp\/v2\/users\/1"}],"replies":[{"embeddable":true,"href":"https:\/\/cppaderborn.educacion.navarra.es\/web\/wp-json\/wp\/v2\/comments?post=1202"}],"version-history":[{"count":4,"href":"https:\/\/cppaderborn.educacion.navarra.es\/web\/wp-json\/wp\/v2\/posts\/1202\/revisions"}],"predecessor-version":[{"id":1206,"href":"https:\/\/cppaderborn.educacion.navarra.es\/web\/wp-json\/wp\/v2\/posts\/1202\/revisions\/1206"}],"wp:featuredmedia":[{"embeddable":true,"href":"https:\/\/cppaderborn.educacion.navarra.es\/web\/wp-json\/wp\/v2\/media\/1196"}],"wp:attachment":[{"href":"https:\/\/cppaderborn.educacion.navarra.es\/web\/wp-json\/wp\/v2\/media?parent=1202"}],"wp:term":[{"taxonomy":"category","embeddable":true,"href":"https:\/\/cppaderborn.educacion.navarra.es\/web\/wp-json\/wp\/v2\/categories?post=1202"},{"taxonomy":"post_tag","embeddable":true,"href":"https:\/\/cppaderborn.educacion.navarra.es\/web\/wp-json\/wp\/v2\/tags?post=1202"}],"curies":[{"name":"wp","href":"https:\/\/api.w.org\/{rel}","templated":true}]}}