{"id":1581,"date":"2017-10-18T12:08:23","date_gmt":"2017-10-18T10:08:23","guid":{"rendered":"http:\/\/cppaderborn.educacion.navarra.es\/web\/?p=1581"},"modified":"2017-10-18T12:08:23","modified_gmt":"2017-10-18T10:08:23","slug":"25-deutsch-spanische-kulturwoche-in-pamplonairuna","status":"publish","type":"post","link":"https:\/\/cppaderborn.educacion.navarra.es\/web\/blog\/25-deutsch-spanische-kulturwoche-in-pamplonairuna\/","title":{"rendered":"25. Deutsch-spanische Kulturwoche in Pamplona\/Iru\u00f1a"},"content":{"rendered":"<h1>XXV\u00aa Semana cultural Hispano-Alemana en Pamplona\/Iru\u00f1a<\/h1>\n<h2>del 20 al 29 de OCTUBRE 2017<\/h2>\n<p>La sociedad Hispano-Alemana del Norte de Espa\u00f1a con sede en Pamplona, celebra la 25\u00aa\u00a0 semana cultural. Este centro, como miembro de la Sociedad Hispano-Alemana del Norte de Espa\u00f1a, os anima a participar.\u00a0 Alle sind eingaladen!. \u00a1Os esperamos!<\/p>\n<p>La Sociedad Hispano-Alemana del Norte de Espa\u00f1a<br \/>\nfue impulsada en el a\u00f1o 1992 a ra\u00edz del<br \/>\nhermanamiento con Paderborn y fundada<br \/>\nformalmente en el a\u00f1o 1993, con esta edici\u00f3n lleva<br \/>\ncelebrando ya 25 semanas culturales. Nuestros<br \/>\nobjetivos y actividades est\u00e1n dirigidos<br \/>\nprincipalmente a actividades a favor del intercambio<br \/>\ncultural y tambi\u00e9n de apoyo a alemanes que pasan<br \/>\npor Navarra o que residen en nuestra comunidad.<br \/>\nAdem\u00e1s propiciamos contactos culturales, sociales y<br \/>\necon\u00f3micos. Apoyamos el contacto y<br \/>\nhermanamiento entre ciudades alemanas y<br \/>\nespa\u00f1olas. Colaboramos estrechamente con<br \/>\nsociedades hermanas en Alemania y con<br \/>\norganizaciones y agrupaciones culturales espa\u00f1olas,<br \/>\ncomo el Ateneo Navarro o la Asociaci\u00f3n de Amigos<br \/>\ndel Camino de Santiago de Pamplona entre otros.<br \/>\nNos consideramos interlocutores del<br \/>\nhermanamiento con Paderborn y Pamplona.<br \/>\nPropiciamos encuentros entre pol\u00edticos, empresarios,<br \/>\nuniversidades, escuelas y otras organizaciones del<br \/>\n\u00e1mbito educativo, social y cultural. Celebramos<br \/>\nfiestas t\u00edpicas de Alemania como \u00abSankt Nikolaus\u00bb<br \/>\no del inicio del A\u00f1o Nuevo. Todos los \u00faltimos jueves<br \/>\nde mes tenemos un \u00abStammtisch\u00bb, un encuentro<br \/>\npara hablar alem\u00e1n en un entorno relajado. Desde<br \/>\nhace unos a\u00f1os organizamos cada a\u00f1o 1-2 semanas<br \/>\nde cine alem\u00e1n. En 1998 creamos, en colaboraci\u00f3n<br \/>\ncon el Centro Linden, un Kindergarten, donde los<br \/>\nni\u00f1os y ni\u00f1os a partir de 2 a\u00f1os pueden aprender<br \/>\nalem\u00e1n. Colaboramos intensamente con el Colegio<br \/>\nPaderborn.<br \/>\nEsperamos que disfruten de la semana cultural y que<br \/>\nse animen a inscribirse como miembros de nuestra<br \/>\nSociedad. Wir freuen uns auf Sie! \u00a1Les esperamos!<\/p>\n<p><a href=\"https:\/\/cppaderborn.educacion.navarra.es\/web\/wp-content\/uploads\/2017\/10\/semena-cultural-hisp-alem-2017.pdf\" target=\"_blank\" rel=\"noopener\">Programa semana cultural<\/a><\/p>\n<p>Alle sind eingaladen!. \u00a1Os esperamos!<\/p>\n","protected":false},"excerpt":{"rendered":"<p>XXV\u00aa Semana cultural Hispano-Alemana en Pamplona\/Iru\u00f1a del 20 al 29 de OCTUBRE 2017 La sociedad Hispano-Alemana del Norte de Espa\u00f1a con sede en Pamplona, celebra la 25\u00aa\u00a0 semana cultural. Este centro, como miembro de la Sociedad Hispano-Alemana del Norte de Espa\u00f1a, os anima a participar.\u00a0 Alle sind eingaladen!. \u00a1Os esperamos! La Sociedad Hispano-Alemana del Norte [&hellip;]<\/p>\n","protected":false},"author":1,"featured_media":1181,"comment_status":"open","ping_status":"open","sticky":false,"template":"","format":"standard","meta":{"_genesis_hide_title":false,"_genesis_hide_breadcrumbs":false,"_genesis_hide_singular_image":false,"_genesis_hide_footer_widgets":false,"_genesis_custom_body_class":"","_genesis_custom_post_class":"","_genesis_layout":"","jetpack_post_was_ever_published":false,"_jetpack_newsletter_access":"","_jetpack_dont_email_post_to_subs":false,"_jetpack_newsletter_tier_id":0,"_jetpack_memberships_contains_paywalled_content":false,"footnotes":"","_jetpack_memberships_contains_paid_content":false,"jetpack_publicize_message":"","jetpack_publicize_feature_enabled":true,"jetpack_social_post_already_shared":false,"jetpack_social_options":{"image_generator_settings":{"template":"highway","enabled":false}}},"categories":[1],"tags":[],"jetpack_publicize_connections":[],"jetpack_featured_media_url":"https:\/\/cppaderborn.educacion.navarra.es\/web\/wp-content\/uploads\/2015\/10\/Sociedad-Hispano-Alemana.jpg","jetpack_sharing_enabled":true,"jetpack_likes_enabled":true,"_links":{"self":[{"href":"https:\/\/cppaderborn.educacion.navarra.es\/web\/wp-json\/wp\/v2\/posts\/1581"}],"collection":[{"href":"https:\/\/cppaderborn.educacion.navarra.es\/web\/wp-json\/wp\/v2\/posts"}],"about":[{"href":"https:\/\/cppaderborn.educacion.navarra.es\/web\/wp-json\/wp\/v2\/types\/post"}],"author":[{"embeddable":true,"href":"https:\/\/cppaderborn.educacion.navarra.es\/web\/wp-json\/wp\/v2\/users\/1"}],"replies":[{"embeddable":true,"href":"https:\/\/cppaderborn.educacion.navarra.es\/web\/wp-json\/wp\/v2\/comments?post=1581"}],"version-history":[{"count":1,"href":"https:\/\/cppaderborn.educacion.navarra.es\/web\/wp-json\/wp\/v2\/posts\/1581\/revisions"}],"predecessor-version":[{"id":1582,"href":"https:\/\/cppaderborn.educacion.navarra.es\/web\/wp-json\/wp\/v2\/posts\/1581\/revisions\/1582"}],"wp:featuredmedia":[{"embeddable":true,"href":"https:\/\/cppaderborn.educacion.navarra.es\/web\/wp-json\/wp\/v2\/media\/1181"}],"wp:attachment":[{"href":"https:\/\/cppaderborn.educacion.navarra.es\/web\/wp-json\/wp\/v2\/media?parent=1581"}],"wp:term":[{"taxonomy":"category","embeddable":true,"href":"https:\/\/cppaderborn.educacion.navarra.es\/web\/wp-json\/wp\/v2\/categories?post=1581"},{"taxonomy":"post_tag","embeddable":true,"href":"https:\/\/cppaderborn.educacion.navarra.es\/web\/wp-json\/wp\/v2\/tags?post=1581"}],"curies":[{"name":"wp","href":"https:\/\/api.w.org\/{rel}","templated":true}]}}