{"id":1587,"date":"2017-10-19T16:50:44","date_gmt":"2017-10-19T14:50:44","guid":{"rendered":"http:\/\/cppaderborn.educacion.navarra.es\/web\/?p=1587"},"modified":"2017-10-19T16:50:44","modified_gmt":"2017-10-19T14:50:44","slug":"txikioktoberfest-2017","status":"publish","type":"post","link":"https:\/\/cppaderborn.educacion.navarra.es\/web\/blog\/txikioktoberfest-2017\/","title":{"rendered":"TxikiOktoberfest 2017"},"content":{"rendered":"<p>El pasado mi\u00e9rcoles 18 de octubre celebramos en el Colegio Paderborn el \u201cTxiki Oktoberfest\u201d, una fiesta para los m\u00e1s peque\u00f1os con la que la Apyma y el Colegio Paderborn pretende dar por inaugurado el comienzo del curso con alegr\u00eda. En esta cuarta edici\u00f3n, la participaci\u00f3n ha sido muy elevada, con mucha alegria, convivencia, y&#8230; muchisim@s ni\u00f1@s&#8230;.. que es lo mas importante!!!, ya que se han incorporado nuevas familias que apostaron por este Colegio a la hora de elegir centro.<\/p>\n<p>La fiesta tuvo de todo: m\u00fasica, bailes, salchichas, juegos, decoraci\u00f3n etc.<\/p>\n<p>Muchas gracias a todos por participar, especialmente a los organizadores y a todos aquellos que de forma desinteresada trabajaron intensamente en la organizaci\u00f3n y nos dejaron una tarde festiva con muy buen sabor de boca.<\/p>\n<p><a href=\"https:\/\/cppaderborn.educacion.navarra.es\/web\/wp-content\/uploads\/2017\/10\/IMG_0094.jpg\"><img fetchpriority=\"high\" decoding=\"async\" class=\"aligncenter size-full wp-image-1583\" src=\"https:\/\/cppaderborn.educacion.navarra.es\/web\/wp-content\/uploads\/2017\/10\/IMG_0094.jpg\" alt=\"\" width=\"640\" height=\"480\" srcset=\"https:\/\/cppaderborn.educacion.navarra.es\/web\/wp-content\/uploads\/2017\/10\/IMG_0094.jpg 640w, https:\/\/cppaderborn.educacion.navarra.es\/web\/wp-content\/uploads\/2017\/10\/IMG_0094-300x225.jpg 300w\" sizes=\"(max-width: 640px) 100vw, 640px\" \/><\/a><\/p>\n<p><a href=\"https:\/\/cppaderborn.educacion.navarra.es\/web\/wp-content\/uploads\/2017\/10\/IMG_0095.jpg\"><img decoding=\"async\" class=\"aligncenter size-full wp-image-1585\" src=\"https:\/\/cppaderborn.educacion.navarra.es\/web\/wp-content\/uploads\/2017\/10\/IMG_0095.jpg\" alt=\"\" width=\"640\" height=\"480\" srcset=\"https:\/\/cppaderborn.educacion.navarra.es\/web\/wp-content\/uploads\/2017\/10\/IMG_0095.jpg 640w, https:\/\/cppaderborn.educacion.navarra.es\/web\/wp-content\/uploads\/2017\/10\/IMG_0095-300x225.jpg 300w\" sizes=\"(max-width: 640px) 100vw, 640px\" \/><\/a><\/p>\n","protected":false},"excerpt":{"rendered":"<p>El pasado mi\u00e9rcoles 18 de octubre celebramos en el Colegio Paderborn el \u201cTxiki Oktoberfest\u201d, una fiesta para los m\u00e1s peque\u00f1os con la que la Apyma y el Colegio Paderborn pretende dar por inaugurado el comienzo del curso con alegr\u00eda. En esta cuarta edici\u00f3n, la participaci\u00f3n ha sido muy elevada, con mucha alegria, convivencia, y&#8230; muchisim@s [&hellip;]<\/p>\n","protected":false},"author":1,"featured_media":0,"comment_status":"open","ping_status":"open","sticky":false,"template":"","format":"standard","meta":{"_genesis_hide_title":false,"_genesis_hide_breadcrumbs":false,"_genesis_hide_singular_image":false,"_genesis_hide_footer_widgets":false,"_genesis_custom_body_class":"","_genesis_custom_post_class":"","_genesis_layout":"","jetpack_post_was_ever_published":false,"_jetpack_newsletter_access":"","_jetpack_dont_email_post_to_subs":false,"_jetpack_newsletter_tier_id":0,"_jetpack_memberships_contains_paywalled_content":false,"footnotes":"","_jetpack_memberships_contains_paid_content":false,"jetpack_publicize_message":"","jetpack_publicize_feature_enabled":true,"jetpack_social_post_already_shared":false,"jetpack_social_options":{"image_generator_settings":{"template":"highway","enabled":false}}},"categories":[1],"tags":[],"jetpack_publicize_connections":[],"jetpack_featured_media_url":"","jetpack_sharing_enabled":true,"jetpack_likes_enabled":true,"_links":{"self":[{"href":"https:\/\/cppaderborn.educacion.navarra.es\/web\/wp-json\/wp\/v2\/posts\/1587"}],"collection":[{"href":"https:\/\/cppaderborn.educacion.navarra.es\/web\/wp-json\/wp\/v2\/posts"}],"about":[{"href":"https:\/\/cppaderborn.educacion.navarra.es\/web\/wp-json\/wp\/v2\/types\/post"}],"author":[{"embeddable":true,"href":"https:\/\/cppaderborn.educacion.navarra.es\/web\/wp-json\/wp\/v2\/users\/1"}],"replies":[{"embeddable":true,"href":"https:\/\/cppaderborn.educacion.navarra.es\/web\/wp-json\/wp\/v2\/comments?post=1587"}],"version-history":[{"count":1,"href":"https:\/\/cppaderborn.educacion.navarra.es\/web\/wp-json\/wp\/v2\/posts\/1587\/revisions"}],"predecessor-version":[{"id":1588,"href":"https:\/\/cppaderborn.educacion.navarra.es\/web\/wp-json\/wp\/v2\/posts\/1587\/revisions\/1588"}],"wp:attachment":[{"href":"https:\/\/cppaderborn.educacion.navarra.es\/web\/wp-json\/wp\/v2\/media?parent=1587"}],"wp:term":[{"taxonomy":"category","embeddable":true,"href":"https:\/\/cppaderborn.educacion.navarra.es\/web\/wp-json\/wp\/v2\/categories?post=1587"},{"taxonomy":"post_tag","embeddable":true,"href":"https:\/\/cppaderborn.educacion.navarra.es\/web\/wp-json\/wp\/v2\/tags?post=1587"}],"curies":[{"name":"wp","href":"https:\/\/api.w.org\/{rel}","templated":true}]}}