{"id":1592,"date":"2017-11-08T12:39:28","date_gmt":"2017-11-08T11:39:28","guid":{"rendered":"http:\/\/cppaderborn.educacion.navarra.es\/web\/?p=1592"},"modified":"2017-11-08T12:46:29","modified_gmt":"2017-11-08T11:46:29","slug":"laternenfest-sankt-martinfest-2017","status":"publish","type":"post","link":"https:\/\/cppaderborn.educacion.navarra.es\/web\/blog\/laternenfest-sankt-martinfest-2017\/","title":{"rendered":"Laternenfest Sankt Martinfest 2017"},"content":{"rendered":"<p><a href=\"https:\/\/cppaderborn.educacion.navarra.es\/web\/wp-content\/uploads\/2017\/11\/SAN-MARTIN-2017.jpg\"><img fetchpriority=\"high\" decoding=\"async\" class=\"aligncenter size-large wp-image-1593\" src=\"https:\/\/cppaderborn.educacion.navarra.es\/web\/wp-content\/uploads\/2017\/11\/SAN-MARTIN-2017-654x1024.jpg\" alt=\"\" width=\"654\" height=\"1024\" srcset=\"https:\/\/cppaderborn.educacion.navarra.es\/web\/wp-content\/uploads\/2017\/11\/SAN-MARTIN-2017-654x1024.jpg 654w, https:\/\/cppaderborn.educacion.navarra.es\/web\/wp-content\/uploads\/2017\/11\/SAN-MARTIN-2017-192x300.jpg 192w, https:\/\/cppaderborn.educacion.navarra.es\/web\/wp-content\/uploads\/2017\/11\/SAN-MARTIN-2017-768x1202.jpg 768w, https:\/\/cppaderborn.educacion.navarra.es\/web\/wp-content\/uploads\/2017\/11\/SAN-MARTIN-2017.jpg 1816w\" sizes=\"(max-width: 654px) 100vw, 654px\" \/><\/a><\/p>\n<p><strong>EINLADUNG zum Laternenfest<\/strong><\/p>\n<p>\u201cLaterne, Laterne, Sonne, Mond und Sterne\u201d. Este t\u00edpico estribillo puede escucharse en Alemania cada a\u00f1o el 11 de noviembre cuando los ni\u00f1os recorren las calles oto\u00f1ales con sus farolillos de colores hechos a mano cantando canciones memorizadas con devoci\u00f3n festiva en honor de San Mart\u00edn. El alegre parpadeo de las velas en los farolillos les ilumina el rostro.<\/p>\n<p>En el centro Paderborn, los ni\u00f1@s de infantil lo han celebrado con sus farolillos desde su clase hasta la entrada, donde les esperaban sus padres.<\/p>\n<p>Rabimmel, rabammel, rabum. Im sp\u00e4ten Herbst, das Sankt Martinfest ist f\u00fcr viele Kinder in Mitteleuropa ihr Lieblingsfest. Deshalb wollten wir dieses Jahr in unserem Kindergarten das Martinfest erleben:<\/p>\n<p>Am Martinstag, dem 11. November, haben die Kinder mit ihren selbstgebastelten Laternen einen Laterneumzug durch die Schule gemacht. Dabei haben sie ein Martinslied gesungen.<\/p>\n<p>Danach haben die Kinder die Geschichte vom Sankt Martin mit ihren Erzieherinnen in einem Rollenspiel gespielt.<\/p>\n<p>Zum Schluss wollten unsere Kindergartenkinder ihren Eltern das Lied \u201cIch geh`mit meiner Laterne\u201d vorsingen.<\/p>\n<p>&nbsp;<\/p>\n<p>Unsere s\u00fcssen Kinder haben es geschafft:durch das Licht ihrer Laternen ist dieses Jahr das Leben heller und freundlicher geworden.<\/p>\n<p>&nbsp;<\/p>\n<p>Wir bedanken uns sehr bei allen Eltern, die ihre Hilfe bei der Laternen- Bastlerei angeboten haben.\u00a0Diese Hilfe war ein wichtiges Element f\u00fcr unseren St. Martins-Laternenumzug.<\/p>\n<p>&nbsp;<\/p>\n<p>Por otro lado, tambi\u00e9n les queremos invitar al anual Laternenfest de St. Martin que la Sociedad hispano-alemana del Norte de Espa\u00f1a celebra el pr\u00f3ximo S\u00e1bado, d\u00eda 11.11.2017 a las 18.00hs en el Front\u00f3n del pueblo de Tajonar.<\/p>\n<p><a href=\"https:\/\/cppaderborn.educacion.navarra.es\/web\/wp-content\/uploads\/2017\/11\/Cartel-Laternenfest-St.-Martin_2017.pdf\" target=\"_blank\" rel=\"noopener\">Adjuntamos el cartel y la descripci\u00f3n de acceso.<\/a><\/p>\n<p>Esperamos que acuden todas\/os con sus hijos y sus farolillos.<\/p>\n<p>&nbsp;<\/p>\n<p>Liebe Mitglieder\/innen und Freunde\/innen Wir m\u00f6chten Sie heirmit herzlich zu unserem allj\u00e4hrlichen Laternenfest zu St. Martin einladen, welches die deutsch-spanische Gesellschaft am kommenden Samstag, 11.11.2017 um 18.00 Uhr im Fronton von Tajonar veranstaltet.<\/p>\n<p>Anbei das Plakat und die Wegbeschreibung.<\/p>\n<p>Wir hoffen Sie k\u00f6nnen alle mit Ihren Kindern und deren Laternen teilnehmen.<\/p>\n<p>&nbsp;<\/p>\n<p>Saludos cordiales\/Mit freundlichen Gr\u00fcssen<\/p>\n<p>&nbsp;<\/p>\n<p>Sociedad hispano-alemana del Norte de Espa\u00f1a Deutsch-spanische Gesellschaft Nordspaniens C\/Sang\u00fcesa 6, 1\u00ba<\/p>\n<p>31003 Pamplona<\/p>\n","protected":false},"excerpt":{"rendered":"<p>EINLADUNG zum Laternenfest \u201cLaterne, Laterne, Sonne, Mond und Sterne\u201d. Este t\u00edpico estribillo puede escucharse en Alemania cada a\u00f1o el 11 de noviembre cuando los ni\u00f1os recorren las calles oto\u00f1ales con sus farolillos de colores hechos a mano cantando canciones memorizadas con devoci\u00f3n festiva en honor de San Mart\u00edn. El alegre parpadeo de las velas en [&hellip;]<\/p>\n","protected":false},"author":1,"featured_media":1595,"comment_status":"open","ping_status":"open","sticky":false,"template":"","format":"standard","meta":{"_genesis_hide_title":false,"_genesis_hide_breadcrumbs":false,"_genesis_hide_singular_image":false,"_genesis_hide_footer_widgets":false,"_genesis_custom_body_class":"","_genesis_custom_post_class":"","_genesis_layout":"","jetpack_post_was_ever_published":false,"_jetpack_newsletter_access":"","_jetpack_dont_email_post_to_subs":false,"_jetpack_newsletter_tier_id":0,"_jetpack_memberships_contains_paywalled_content":false,"footnotes":"","_jetpack_memberships_contains_paid_content":false,"jetpack_publicize_message":"","jetpack_publicize_feature_enabled":true,"jetpack_social_post_already_shared":false,"jetpack_social_options":{"image_generator_settings":{"template":"highway","enabled":false}}},"categories":[1],"tags":[],"jetpack_publicize_connections":[],"jetpack_featured_media_url":"https:\/\/cppaderborn.educacion.navarra.es\/web\/wp-content\/uploads\/2017\/11\/SAN-MARTIN-2017-1.jpg","jetpack_sharing_enabled":true,"jetpack_likes_enabled":true,"_links":{"self":[{"href":"https:\/\/cppaderborn.educacion.navarra.es\/web\/wp-json\/wp\/v2\/posts\/1592"}],"collection":[{"href":"https:\/\/cppaderborn.educacion.navarra.es\/web\/wp-json\/wp\/v2\/posts"}],"about":[{"href":"https:\/\/cppaderborn.educacion.navarra.es\/web\/wp-json\/wp\/v2\/types\/post"}],"author":[{"embeddable":true,"href":"https:\/\/cppaderborn.educacion.navarra.es\/web\/wp-json\/wp\/v2\/users\/1"}],"replies":[{"embeddable":true,"href":"https:\/\/cppaderborn.educacion.navarra.es\/web\/wp-json\/wp\/v2\/comments?post=1592"}],"version-history":[{"count":2,"href":"https:\/\/cppaderborn.educacion.navarra.es\/web\/wp-json\/wp\/v2\/posts\/1592\/revisions"}],"predecessor-version":[{"id":1600,"href":"https:\/\/cppaderborn.educacion.navarra.es\/web\/wp-json\/wp\/v2\/posts\/1592\/revisions\/1600"}],"wp:featuredmedia":[{"embeddable":true,"href":"https:\/\/cppaderborn.educacion.navarra.es\/web\/wp-json\/wp\/v2\/media\/1595"}],"wp:attachment":[{"href":"https:\/\/cppaderborn.educacion.navarra.es\/web\/wp-json\/wp\/v2\/media?parent=1592"}],"wp:term":[{"taxonomy":"category","embeddable":true,"href":"https:\/\/cppaderborn.educacion.navarra.es\/web\/wp-json\/wp\/v2\/categories?post=1592"},{"taxonomy":"post_tag","embeddable":true,"href":"https:\/\/cppaderborn.educacion.navarra.es\/web\/wp-json\/wp\/v2\/tags?post=1592"}],"curies":[{"name":"wp","href":"https:\/\/api.w.org\/{rel}","templated":true}]}}