{"id":1610,"date":"2017-11-21T15:32:43","date_gmt":"2017-11-21T14:32:43","guid":{"rendered":"http:\/\/cppaderborn.educacion.navarra.es\/web\/?p=1610"},"modified":"2017-11-21T15:32:43","modified_gmt":"2017-11-21T14:32:43","slug":"visita-del-grupo-de-6o-primaria-a-la-upna","status":"publish","type":"post","link":"https:\/\/cppaderborn.educacion.navarra.es\/web\/blog\/visita-del-grupo-de-6o-primaria-a-la-upna\/","title":{"rendered":"Visita del grupo de 6\u00ba Primaria a la UPNA"},"content":{"rendered":"<p>El pr\u00f3ximo viernes, <span style=\"color: #800000;\"><strong>24 de noviembre<\/strong><\/span>, los alumnos y alumnas de<span style=\"color: #800080;\"><span style=\"color: #800000;\"> 6\u00ba de E. Primaria<\/span>\u00a0<\/span> iremos a la UPNA para compartir con el alumnado de Grado de Magisterio nuestro trabajo realizado en clase en relaci\u00f3n al <span style=\"color: #ff9900;\">Proyecto de interculturalidad \u00abTu Barrio, Tu Casa\u00bb<\/span><\/p>\n<p>Este Proyecto, que parte desde la asociaci\u00f3n internacional, humanitaria y de voluntariado <span style=\"color: #800080;\">M\u00c9DICOS DEL MUNDO<\/span>, que trabaja por el derecho universal a la salud,\u00a0tiene una propuesta de Educaci\u00f3n para el Desarrollo a trav\u00e9s de una Gu\u00eda con distintos talleres de la cual se han abordado distintos talleres entre este curso 2017-18 y el anterior.<\/p>\n<p>De los talleres propuestos se han realizado ya tres: Derechos Humanos y Derecho a la Salud; Derechos de la infancia y, Acci\u00f3n de la Migraci\u00f3n y de las personas refugiadas.<\/p>\n<p>El pr\u00f3ximo viernes en la UPNA\u00a0 los alumnos y alumnas explicar\u00e1n en que ha consistido este trabajo y que han aprendido.\u200b<\/p>\n<p><a href=\"https:\/\/cppaderborn.educacion.navarra.es\/web\/wp-content\/uploads\/2017\/11\/6\u00baprimaria-visita-universidad-.jpg\"><img fetchpriority=\"high\" decoding=\"async\" class=\"aligncenter size-large wp-image-1611\" src=\"https:\/\/cppaderborn.educacion.navarra.es\/web\/wp-content\/uploads\/2017\/11\/6\u00baprimaria-visita-universidad--1024x575.jpg\" alt=\"\" width=\"1024\" height=\"575\" srcset=\"https:\/\/cppaderborn.educacion.navarra.es\/web\/wp-content\/uploads\/2017\/11\/6\u00baprimaria-visita-universidad--1024x575.jpg 1024w, https:\/\/cppaderborn.educacion.navarra.es\/web\/wp-content\/uploads\/2017\/11\/6\u00baprimaria-visita-universidad--300x168.jpg 300w, https:\/\/cppaderborn.educacion.navarra.es\/web\/wp-content\/uploads\/2017\/11\/6\u00baprimaria-visita-universidad--768x431.jpg 768w\" sizes=\"(max-width: 1024px) 100vw, 1024px\" \/><\/a><a href=\"https:\/\/cppaderborn.educacion.navarra.es\/web\/wp-content\/uploads\/2017\/11\/6\u00baprimaria-visita-universidad1-.jpg\"><img decoding=\"async\" class=\"aligncenter size-large wp-image-1613\" src=\"https:\/\/cppaderborn.educacion.navarra.es\/web\/wp-content\/uploads\/2017\/11\/6\u00baprimaria-visita-universidad1--1024x575.jpg\" alt=\"\" width=\"1024\" height=\"575\" srcset=\"https:\/\/cppaderborn.educacion.navarra.es\/web\/wp-content\/uploads\/2017\/11\/6\u00baprimaria-visita-universidad1--1024x575.jpg 1024w, https:\/\/cppaderborn.educacion.navarra.es\/web\/wp-content\/uploads\/2017\/11\/6\u00baprimaria-visita-universidad1--300x168.jpg 300w, https:\/\/cppaderborn.educacion.navarra.es\/web\/wp-content\/uploads\/2017\/11\/6\u00baprimaria-visita-universidad1--768x431.jpg 768w\" sizes=\"(max-width: 1024px) 100vw, 1024px\" \/><\/a><\/p>\n","protected":false},"excerpt":{"rendered":"<p>El pr\u00f3ximo viernes, 24 de noviembre, los alumnos y alumnas de 6\u00ba de E. Primaria\u00a0 iremos a la UPNA para compartir con el alumnado de Grado de Magisterio nuestro trabajo realizado en clase en relaci\u00f3n al Proyecto de interculturalidad \u00abTu Barrio, Tu Casa\u00bb Este Proyecto, que parte desde la asociaci\u00f3n internacional, humanitaria y de voluntariado [&hellip;]<\/p>\n","protected":false},"author":1,"featured_media":467,"comment_status":"open","ping_status":"open","sticky":false,"template":"","format":"standard","meta":{"_genesis_hide_title":false,"_genesis_hide_breadcrumbs":false,"_genesis_hide_singular_image":false,"_genesis_hide_footer_widgets":false,"_genesis_custom_body_class":"","_genesis_custom_post_class":"","_genesis_layout":"","jetpack_post_was_ever_published":false,"_jetpack_newsletter_access":"","_jetpack_dont_email_post_to_subs":false,"_jetpack_newsletter_tier_id":0,"_jetpack_memberships_contains_paywalled_content":false,"footnotes":"","_jetpack_memberships_contains_paid_content":false,"jetpack_publicize_message":"","jetpack_publicize_feature_enabled":true,"jetpack_social_post_already_shared":false,"jetpack_social_options":{"image_generator_settings":{"template":"highway","enabled":false}}},"categories":[1],"tags":[],"jetpack_publicize_connections":[],"jetpack_featured_media_url":"https:\/\/cppaderborn.educacion.navarra.es\/web\/wp-content\/uploads\/2014\/09\/colegio-1.jpg","jetpack_sharing_enabled":true,"jetpack_likes_enabled":true,"_links":{"self":[{"href":"https:\/\/cppaderborn.educacion.navarra.es\/web\/wp-json\/wp\/v2\/posts\/1610"}],"collection":[{"href":"https:\/\/cppaderborn.educacion.navarra.es\/web\/wp-json\/wp\/v2\/posts"}],"about":[{"href":"https:\/\/cppaderborn.educacion.navarra.es\/web\/wp-json\/wp\/v2\/types\/post"}],"author":[{"embeddable":true,"href":"https:\/\/cppaderborn.educacion.navarra.es\/web\/wp-json\/wp\/v2\/users\/1"}],"replies":[{"embeddable":true,"href":"https:\/\/cppaderborn.educacion.navarra.es\/web\/wp-json\/wp\/v2\/comments?post=1610"}],"version-history":[{"count":1,"href":"https:\/\/cppaderborn.educacion.navarra.es\/web\/wp-json\/wp\/v2\/posts\/1610\/revisions"}],"predecessor-version":[{"id":1615,"href":"https:\/\/cppaderborn.educacion.navarra.es\/web\/wp-json\/wp\/v2\/posts\/1610\/revisions\/1615"}],"wp:featuredmedia":[{"embeddable":true,"href":"https:\/\/cppaderborn.educacion.navarra.es\/web\/wp-json\/wp\/v2\/media\/467"}],"wp:attachment":[{"href":"https:\/\/cppaderborn.educacion.navarra.es\/web\/wp-json\/wp\/v2\/media?parent=1610"}],"wp:term":[{"taxonomy":"category","embeddable":true,"href":"https:\/\/cppaderborn.educacion.navarra.es\/web\/wp-json\/wp\/v2\/categories?post=1610"},{"taxonomy":"post_tag","embeddable":true,"href":"https:\/\/cppaderborn.educacion.navarra.es\/web\/wp-json\/wp\/v2\/tags?post=1610"}],"curies":[{"name":"wp","href":"https:\/\/api.w.org\/{rel}","templated":true}]}}