{"id":1693,"date":"2019-02-21T12:51:43","date_gmt":"2019-02-21T11:51:43","guid":{"rendered":"http:\/\/cppaderborn.educacion.navarra.es\/web\/?p=1693"},"modified":"2019-02-21T14:57:35","modified_gmt":"2019-02-21T13:57:35","slug":"viernes-de-carnaval-2019","status":"publish","type":"post","link":"https:\/\/cppaderborn.educacion.navarra.es\/web\/blog\/viernes-de-carnaval-2019\/","title":{"rendered":"Viernes de Carnaval!!"},"content":{"rendered":"\n<h3 class=\"wp-block-heading\" style=\"text-align:center\">\u201cALICIA EN EL PAIS DE LAS MARAVILLAS\u201d<\/h3>\n\n\n\n<h4 class=\"wp-block-heading\" style=\"text-align:center\">Este viernes d\u00eda 1 de Marzo a partir de las 15horas celebraremos el festival de Carnaval en el Sal\u00f3n de Actos del Colegio.<\/h4>\n\n\n\n<p style=\"text-align:center\" class=\"has-text-color has-vivid-red-color\">FESTIVAL DE CARNAVAL<br>\n\u201cALICIA EN EL PAIS DE LAS MARAVILLAS\u201d<br>\nKarneval-Schulfeier<br>\n\u201cAlice im Wunderland\u201d<\/p>\n\n\n\n<p><\/p>\n\n\n\n<figure class=\"wp-block-image\"><img fetchpriority=\"high\" decoding=\"async\" width=\"1024\" height=\"630\" src=\"https:\/\/cppaderborn.educacion.navarra.es\/web\/wp-content\/uploads\/2019\/02\/carnaval-1024x630.jpg\" alt=\"\" class=\"wp-image-1694\" srcset=\"https:\/\/cppaderborn.educacion.navarra.es\/web\/wp-content\/uploads\/2019\/02\/carnaval.jpg 1024w, https:\/\/cppaderborn.educacion.navarra.es\/web\/wp-content\/uploads\/2019\/02\/carnaval-300x185.jpg 300w, https:\/\/cppaderborn.educacion.navarra.es\/web\/wp-content\/uploads\/2019\/02\/carnaval-768x473.jpg 768w\" sizes=\"(max-width: 1024px) 100vw, 1024px\" \/><figcaption>SAL\u00d3N DE ACTOS SCHULHALLE VIERNES, 1 DE MARZO FREITAG, DEN 1.M\u00c4RZ<br> HORA 15:00 UHRZEIT, 15:00<\/figcaption><\/figure>\n\n\n\n<p>El pr\u00f3ximo <strong>viernes, 1 de marzo<\/strong>,\ncelebraremos en el colegio el Carnaval. Para este gran d\u00eda,&nbsp; hemos\norganizado un Festival en el que nuestros alumnos y alumnas han preparado\nfant\u00e1sticas actuaciones junto con todos los profesores\/as.<\/p>\n\n\n\n<p>Este a\u00f1o el tema elegido ha sido el cuento de Alicia en el Pa\u00eds de las\nMaravillas, os queremos invitar a todas las familias a que veng\u00e1is a ver este\ngran espect\u00e1culo y as\u00ed pasar todos juntos un bonito d\u00eda.<\/p>\n\n\n\n<p>Las puertas se abrir\u00e1n para las familias de 15:00 \u00a0a 15:10 de la tarde. Rogamos puntualidad. <\/p>\n\n\n\n<h4 class=\"wp-block-heading\">Recordar todas las familias que este viernes d\u00eda 1, ser\u00e1 de jornada completa, tal y como ya se marcaba en el calendaro escolar, y tendr\u00e1 los servicios como cualquier d\u00eda completo.<\/h4>\n\n\n\n<h2 class=\"wp-block-heading\">A disfrutar!!!<\/h2>\n\n\n\n<p style=\"text-align:center\"><strong>\u00a1OS ESPERAMOS!<\/strong><\/p>\n","protected":false},"excerpt":{"rendered":"<p>\u201cALICIA EN EL PAIS DE LAS MARAVILLAS\u201d Este viernes d\u00eda 1 de Marzo a partir de las 15horas celebraremos el festival de Carnaval en el Sal\u00f3n de Actos del Colegio. FESTIVAL DE CARNAVAL \u201cALICIA EN EL PAIS DE LAS MARAVILLAS\u201d Karneval-Schulfeier \u201cAlice im Wunderland\u201d El pr\u00f3ximo viernes, 1 de marzo, celebraremos en el colegio el [&hellip;]<\/p>\n","protected":false},"author":1,"featured_media":1694,"comment_status":"open","ping_status":"open","sticky":false,"template":"","format":"standard","meta":{"_genesis_hide_title":false,"_genesis_hide_breadcrumbs":false,"_genesis_hide_singular_image":false,"_genesis_hide_footer_widgets":false,"_genesis_custom_body_class":"","_genesis_custom_post_class":"","_genesis_layout":"","jetpack_post_was_ever_published":false,"_jetpack_newsletter_access":"","_jetpack_dont_email_post_to_subs":false,"_jetpack_newsletter_tier_id":0,"_jetpack_memberships_contains_paywalled_content":false,"footnotes":"","_jetpack_memberships_contains_paid_content":false,"jetpack_publicize_message":"","jetpack_publicize_feature_enabled":true,"jetpack_social_post_already_shared":false,"jetpack_social_options":{"image_generator_settings":{"template":"highway","enabled":false}}},"categories":[1],"tags":[],"jetpack_publicize_connections":[],"jetpack_featured_media_url":"https:\/\/cppaderborn.educacion.navarra.es\/web\/wp-content\/uploads\/2019\/02\/carnaval.jpg","jetpack_sharing_enabled":true,"jetpack_likes_enabled":true,"_links":{"self":[{"href":"https:\/\/cppaderborn.educacion.navarra.es\/web\/wp-json\/wp\/v2\/posts\/1693"}],"collection":[{"href":"https:\/\/cppaderborn.educacion.navarra.es\/web\/wp-json\/wp\/v2\/posts"}],"about":[{"href":"https:\/\/cppaderborn.educacion.navarra.es\/web\/wp-json\/wp\/v2\/types\/post"}],"author":[{"embeddable":true,"href":"https:\/\/cppaderborn.educacion.navarra.es\/web\/wp-json\/wp\/v2\/users\/1"}],"replies":[{"embeddable":true,"href":"https:\/\/cppaderborn.educacion.navarra.es\/web\/wp-json\/wp\/v2\/comments?post=1693"}],"version-history":[{"count":2,"href":"https:\/\/cppaderborn.educacion.navarra.es\/web\/wp-json\/wp\/v2\/posts\/1693\/revisions"}],"predecessor-version":[{"id":1698,"href":"https:\/\/cppaderborn.educacion.navarra.es\/web\/wp-json\/wp\/v2\/posts\/1693\/revisions\/1698"}],"wp:featuredmedia":[{"embeddable":true,"href":"https:\/\/cppaderborn.educacion.navarra.es\/web\/wp-json\/wp\/v2\/media\/1694"}],"wp:attachment":[{"href":"https:\/\/cppaderborn.educacion.navarra.es\/web\/wp-json\/wp\/v2\/media?parent=1693"}],"wp:term":[{"taxonomy":"category","embeddable":true,"href":"https:\/\/cppaderborn.educacion.navarra.es\/web\/wp-json\/wp\/v2\/categories?post=1693"},{"taxonomy":"post_tag","embeddable":true,"href":"https:\/\/cppaderborn.educacion.navarra.es\/web\/wp-json\/wp\/v2\/tags?post=1693"}],"curies":[{"name":"wp","href":"https:\/\/api.w.org\/{rel}","templated":true}]}}