{"id":1734,"date":"2019-12-10T10:51:51","date_gmt":"2019-12-10T09:51:51","guid":{"rendered":"http:\/\/cppaderborn.educacion.navarra.es\/web\/?p=1734"},"modified":"2019-12-10T10:51:53","modified_gmt":"2019-12-10T09:51:53","slug":"jornadas-puertas-abiertas-14-12-2019-proyecto-pal-aleman-castellano-ingles","status":"publish","type":"post","link":"https:\/\/cppaderborn.educacion.navarra.es\/web\/blog\/jornadas-puertas-abiertas-14-12-2019-proyecto-pal-aleman-castellano-ingles\/","title":{"rendered":"Jornadas Puertas Abiertas  14.12.2019 \u2013 Proyecto PAL- Alem\u00e1n-Castellano-Ingl\u00e9s"},"content":{"rendered":"\n<h2 class=\"wp-block-heading\">Tag der offenen T\u00fcr am Samstag!<\/h2>\n\n\n\n<h2 class=\"wp-block-heading\">S\u00e1bado 14 Diciembre\u00a0de 2019 a las\u00a0\u00a011:30h.<\/h2>\n\n\n\n<h4 class=\"wp-block-heading\">\u00d6ffentliche\u00a0Schule\u00a0in Pamplona.  Ense\u00f1an<strong>za triling\u00fce<\/strong> <strong>alem\u00e1n-espa\u00f1ol<\/strong> <strong>con\u00a0ingl\u00e9s<\/strong> <\/h4>\n\n\n\n<figure class=\"wp-block-image size-large\"><img fetchpriority=\"high\" decoding=\"async\" width=\"724\" height=\"1024\" src=\"https:\/\/cppaderborn.educacion.navarra.es\/web\/wp-content\/uploads\/2019\/12\/jornada-puertas-abiertas-CP-Paderborn-20191214-724x1024.jpg\" alt=\"\" class=\"wp-image-1735\" srcset=\"https:\/\/cppaderborn.educacion.navarra.es\/web\/wp-content\/uploads\/2019\/12\/jornada-puertas-abiertas-CP-Paderborn-20191214-724x1024.jpg 724w, https:\/\/cppaderborn.educacion.navarra.es\/web\/wp-content\/uploads\/2019\/12\/jornada-puertas-abiertas-CP-Paderborn-20191214-212x300.jpg 212w, https:\/\/cppaderborn.educacion.navarra.es\/web\/wp-content\/uploads\/2019\/12\/jornada-puertas-abiertas-CP-Paderborn-20191214-768x1086.jpg 768w, https:\/\/cppaderborn.educacion.navarra.es\/web\/wp-content\/uploads\/2019\/12\/jornada-puertas-abiertas-CP-Paderborn-20191214-1086x1536.jpg 1086w, https:\/\/cppaderborn.educacion.navarra.es\/web\/wp-content\/uploads\/2019\/12\/jornada-puertas-abiertas-CP-Paderborn-20191214-1448x2048.jpg 1448w, https:\/\/cppaderborn.educacion.navarra.es\/web\/wp-content\/uploads\/2019\/12\/jornada-puertas-abiertas-CP-Paderborn-20191214-scaled.jpg 1810w\" sizes=\"(max-width: 724px) 100vw, 724px\" \/><figcaption> Puertas abiertas\u00a0Colegio P\u00fablico\u00a0Paderborn <\/figcaption><\/figure>\n\n\n\n<h4 class=\"wp-block-heading\">El colegio ofrecer\u00e1&nbsp;servicio de guarder\u00eda&nbsp;a los padres que\ndeseen acudir a las jornadas de puertas abiertas<\/h4>\n","protected":false},"excerpt":{"rendered":"<p>Tag der offenen T\u00fcr am Samstag! S\u00e1bado 14 Diciembre\u00a0de 2019 a las\u00a0\u00a011:30h. \u00d6ffentliche\u00a0Schule\u00a0in Pamplona. Ense\u00f1anza triling\u00fce alem\u00e1n-espa\u00f1ol con\u00a0ingl\u00e9s El colegio ofrecer\u00e1&nbsp;servicio de guarder\u00eda&nbsp;a los padres que deseen acudir a las jornadas de puertas abiertas<\/p>\n","protected":false},"author":1,"featured_media":0,"comment_status":"open","ping_status":"open","sticky":false,"template":"","format":"standard","meta":{"_genesis_hide_title":false,"_genesis_hide_breadcrumbs":false,"_genesis_hide_singular_image":false,"_genesis_hide_footer_widgets":false,"_genesis_custom_body_class":"","_genesis_custom_post_class":"","_genesis_layout":"","jetpack_post_was_ever_published":false,"_jetpack_newsletter_access":"","_jetpack_dont_email_post_to_subs":false,"_jetpack_newsletter_tier_id":0,"_jetpack_memberships_contains_paywalled_content":false,"footnotes":"","_jetpack_memberships_contains_paid_content":false,"jetpack_publicize_message":"","jetpack_publicize_feature_enabled":true,"jetpack_social_post_already_shared":false,"jetpack_social_options":{"image_generator_settings":{"template":"highway","enabled":false}}},"categories":[1],"tags":[],"jetpack_publicize_connections":[],"jetpack_featured_media_url":"","jetpack_sharing_enabled":true,"jetpack_likes_enabled":true,"_links":{"self":[{"href":"https:\/\/cppaderborn.educacion.navarra.es\/web\/wp-json\/wp\/v2\/posts\/1734"}],"collection":[{"href":"https:\/\/cppaderborn.educacion.navarra.es\/web\/wp-json\/wp\/v2\/posts"}],"about":[{"href":"https:\/\/cppaderborn.educacion.navarra.es\/web\/wp-json\/wp\/v2\/types\/post"}],"author":[{"embeddable":true,"href":"https:\/\/cppaderborn.educacion.navarra.es\/web\/wp-json\/wp\/v2\/users\/1"}],"replies":[{"embeddable":true,"href":"https:\/\/cppaderborn.educacion.navarra.es\/web\/wp-json\/wp\/v2\/comments?post=1734"}],"version-history":[{"count":3,"href":"https:\/\/cppaderborn.educacion.navarra.es\/web\/wp-json\/wp\/v2\/posts\/1734\/revisions"}],"predecessor-version":[{"id":1739,"href":"https:\/\/cppaderborn.educacion.navarra.es\/web\/wp-json\/wp\/v2\/posts\/1734\/revisions\/1739"}],"wp:attachment":[{"href":"https:\/\/cppaderborn.educacion.navarra.es\/web\/wp-json\/wp\/v2\/media?parent=1734"}],"wp:term":[{"taxonomy":"category","embeddable":true,"href":"https:\/\/cppaderborn.educacion.navarra.es\/web\/wp-json\/wp\/v2\/categories?post=1734"},{"taxonomy":"post_tag","embeddable":true,"href":"https:\/\/cppaderborn.educacion.navarra.es\/web\/wp-json\/wp\/v2\/tags?post=1734"}],"curies":[{"name":"wp","href":"https:\/\/api.w.org\/{rel}","templated":true}]}}