{"id":1839,"date":"2020-01-13T12:51:55","date_gmt":"2020-01-13T11:51:55","guid":{"rendered":"http:\/\/cppaderborn.educacion.navarra.es\/web\/?p=1839"},"modified":"2020-01-15T12:52:17","modified_gmt":"2020-01-15T11:52:17","slug":"jornadas-puertas-abiertas-22-01-2020-proyecto-pal-aleman-castellano-ingles","status":"publish","type":"post","link":"https:\/\/cppaderborn.educacion.navarra.es\/web\/blog\/jornadas-puertas-abiertas-22-01-2020-proyecto-pal-aleman-castellano-ingles\/","title":{"rendered":"Jornadas Puertas Abiertas 22.01.2020 \u2013 Proyecto PAL- Alem\u00e1n-Castellano-Ingl\u00e9s"},"content":{"rendered":"\n<h2 class=\"wp-block-heading\">Tag der offenen T\u00fcr am Mittwoch!<\/h2>\n\n\n\n<h2 class=\"wp-block-heading\">Mi\u00e9rcoles 22 de Enero de 2020 a las&nbsp;&nbsp;17:30h.<\/h2>\n\n\n\n<h4 class=\"wp-block-heading\"> \u00d6ffentliche&nbsp;Schule&nbsp;in Pamplona.  Ense\u00f1an<strong>za triling\u00fce<\/strong> <strong>alem\u00e1n-espa\u00f1ol<\/strong> <strong>con&nbsp;ingl\u00e9s<\/strong> <\/h4>\n\n\n\n<figure class=\"wp-block-image size-large\"><img fetchpriority=\"high\" decoding=\"async\" width=\"724\" height=\"1024\" src=\"https:\/\/cppaderborn.educacion.navarra.es\/web\/wp-content\/uploads\/2020\/01\/Cartel-puertas-abiertas-v3-1-724x1024.jpg\" alt=\"\" class=\"wp-image-1848\" srcset=\"https:\/\/cppaderborn.educacion.navarra.es\/web\/wp-content\/uploads\/2020\/01\/Cartel-puertas-abiertas-v3-1-724x1024.jpg 724w, https:\/\/cppaderborn.educacion.navarra.es\/web\/wp-content\/uploads\/2020\/01\/Cartel-puertas-abiertas-v3-1-212x300.jpg 212w, https:\/\/cppaderborn.educacion.navarra.es\/web\/wp-content\/uploads\/2020\/01\/Cartel-puertas-abiertas-v3-1-768x1086.jpg 768w, https:\/\/cppaderborn.educacion.navarra.es\/web\/wp-content\/uploads\/2020\/01\/Cartel-puertas-abiertas-v3-1-1086x1536.jpg 1086w, https:\/\/cppaderborn.educacion.navarra.es\/web\/wp-content\/uploads\/2020\/01\/Cartel-puertas-abiertas-v3-1-1448x2048.jpg 1448w, https:\/\/cppaderborn.educacion.navarra.es\/web\/wp-content\/uploads\/2020\/01\/Cartel-puertas-abiertas-v3-1-scaled.jpg 1810w\" sizes=\"(max-width: 724px) 100vw, 724px\" \/><\/figure>\n\n\n\n<h4 class=\"wp-block-heading\"> El colegio ofrecer\u00e1&nbsp;servicio de guarder\u00eda&nbsp;a los padres que deseen acudir a las jornadas de puertas abiertas <\/h4>\n\n\n\n<figure class=\"wp-block-image size-large\"><img decoding=\"async\" width=\"1024\" height=\"576\" src=\"https:\/\/cppaderborn.educacion.navarra.es\/web\/wp-content\/uploads\/2020\/01\/WhatsApp-Image-2019-12-14-at-12.34.23.jpeg\" alt=\"\" class=\"wp-image-1844\" srcset=\"https:\/\/cppaderborn.educacion.navarra.es\/web\/wp-content\/uploads\/2020\/01\/WhatsApp-Image-2019-12-14-at-12.34.23.jpeg 1024w, https:\/\/cppaderborn.educacion.navarra.es\/web\/wp-content\/uploads\/2020\/01\/WhatsApp-Image-2019-12-14-at-12.34.23-300x169.jpeg 300w, https:\/\/cppaderborn.educacion.navarra.es\/web\/wp-content\/uploads\/2020\/01\/WhatsApp-Image-2019-12-14-at-12.34.23-768x432.jpeg 768w\" sizes=\"(max-width: 1024px) 100vw, 1024px\" \/><figcaption>1er D\u00eda de Jornada de Puertas Abiertas Diciembre 2019<\/figcaption><\/figure>\n\n\n\n<figure class=\"wp-block-image size-large\"><img decoding=\"async\" width=\"1024\" height=\"768\" src=\"https:\/\/cppaderborn.educacion.navarra.es\/web\/wp-content\/uploads\/2020\/01\/fachada-1024x768.jpg\" alt=\"\" class=\"wp-image-1841\" srcset=\"https:\/\/cppaderborn.educacion.navarra.es\/web\/wp-content\/uploads\/2020\/01\/fachada-1024x768.jpg 1024w, https:\/\/cppaderborn.educacion.navarra.es\/web\/wp-content\/uploads\/2020\/01\/fachada-300x225.jpg 300w, https:\/\/cppaderborn.educacion.navarra.es\/web\/wp-content\/uploads\/2020\/01\/fachada-768x576.jpg 768w, https:\/\/cppaderborn.educacion.navarra.es\/web\/wp-content\/uploads\/2020\/01\/fachada-1536x1152.jpg 1536w, https:\/\/cppaderborn.educacion.navarra.es\/web\/wp-content\/uploads\/2020\/01\/fachada.jpg 2048w\" sizes=\"(max-width: 1024px) 100vw, 1024px\" \/><\/figure>\n","protected":false},"excerpt":{"rendered":"<p>Tag der offenen T\u00fcr am Mittwoch! Mi\u00e9rcoles 22 de Enero de 2020 a las&nbsp;&nbsp;17:30h. \u00d6ffentliche&nbsp;Schule&nbsp;in Pamplona. Ense\u00f1anza triling\u00fce alem\u00e1n-espa\u00f1ol con&nbsp;ingl\u00e9s El colegio ofrecer\u00e1&nbsp;servicio de guarder\u00eda&nbsp;a los padres que deseen acudir a las jornadas de puertas abiertas<\/p>\n","protected":false},"author":1,"featured_media":1848,"comment_status":"open","ping_status":"open","sticky":true,"template":"","format":"standard","meta":{"_genesis_hide_title":false,"_genesis_hide_breadcrumbs":false,"_genesis_hide_singular_image":false,"_genesis_hide_footer_widgets":false,"_genesis_custom_body_class":"","_genesis_custom_post_class":"","_genesis_layout":"","jetpack_post_was_ever_published":false,"_jetpack_newsletter_access":"","_jetpack_dont_email_post_to_subs":false,"_jetpack_newsletter_tier_id":0,"_jetpack_memberships_contains_paywalled_content":false,"footnotes":"","_jetpack_memberships_contains_paid_content":false,"jetpack_publicize_message":"","jetpack_publicize_feature_enabled":true,"jetpack_social_post_already_shared":false,"jetpack_social_options":{"image_generator_settings":{"template":"highway","enabled":false}}},"categories":[1],"tags":[48,49,46,47],"jetpack_publicize_connections":[],"jetpack_featured_media_url":"https:\/\/cppaderborn.educacion.navarra.es\/web\/wp-content\/uploads\/2020\/01\/Cartel-puertas-abiertas-v3-1-scaled.jpg","jetpack_sharing_enabled":true,"jetpack_likes_enabled":true,"_links":{"self":[{"href":"https:\/\/cppaderborn.educacion.navarra.es\/web\/wp-json\/wp\/v2\/posts\/1839"}],"collection":[{"href":"https:\/\/cppaderborn.educacion.navarra.es\/web\/wp-json\/wp\/v2\/posts"}],"about":[{"href":"https:\/\/cppaderborn.educacion.navarra.es\/web\/wp-json\/wp\/v2\/types\/post"}],"author":[{"embeddable":true,"href":"https:\/\/cppaderborn.educacion.navarra.es\/web\/wp-json\/wp\/v2\/users\/1"}],"replies":[{"embeddable":true,"href":"https:\/\/cppaderborn.educacion.navarra.es\/web\/wp-json\/wp\/v2\/comments?post=1839"}],"version-history":[{"count":4,"href":"https:\/\/cppaderborn.educacion.navarra.es\/web\/wp-json\/wp\/v2\/posts\/1839\/revisions"}],"predecessor-version":[{"id":1850,"href":"https:\/\/cppaderborn.educacion.navarra.es\/web\/wp-json\/wp\/v2\/posts\/1839\/revisions\/1850"}],"wp:featuredmedia":[{"embeddable":true,"href":"https:\/\/cppaderborn.educacion.navarra.es\/web\/wp-json\/wp\/v2\/media\/1848"}],"wp:attachment":[{"href":"https:\/\/cppaderborn.educacion.navarra.es\/web\/wp-json\/wp\/v2\/media?parent=1839"}],"wp:term":[{"taxonomy":"category","embeddable":true,"href":"https:\/\/cppaderborn.educacion.navarra.es\/web\/wp-json\/wp\/v2\/categories?post=1839"},{"taxonomy":"post_tag","embeddable":true,"href":"https:\/\/cppaderborn.educacion.navarra.es\/web\/wp-json\/wp\/v2\/tags?post=1839"}],"curies":[{"name":"wp","href":"https:\/\/api.w.org\/{rel}","templated":true}]}}