{"id":1858,"date":"2020-02-18T13:04:23","date_gmt":"2020-02-18T12:04:23","guid":{"rendered":"http:\/\/cppaderborn.educacion.navarra.es\/web\/?p=1858"},"modified":"2020-08-20T22:38:24","modified_gmt":"2020-08-20T20:38:24","slug":"nuevas-inscripciones-transporte-escolar-proximo-curso-2020-2021","status":"publish","type":"post","link":"https:\/\/cppaderborn.educacion.navarra.es\/web\/blog\/nuevas-inscripciones-transporte-escolar-proximo-curso-2020-2021\/","title":{"rendered":"Nuevas inscripciones Transporte Escolar pr\u00f3ximo curso 2020\/2021"},"content":{"rendered":"\n<h2 class=\"wp-block-heading\">A todos los usuarios del transporte escolar os avisamos que habr\u00e1 nuevas inscripciones para el curso siguiente el pr\u00f3ximo mes de \u00a0mayo de 2020. La informaci\u00f3n recibida es la siguiente:<\/h2>\n\n\n\n<div class=\"wp-block-image\"><figure class=\"aligncenter size-large\"><img decoding=\"async\" width=\"154\" height=\"108\" src=\"https:\/\/cppaderborn.educacion.navarra.es\/web\/wp-content\/uploads\/2020\/02\/logo.jpg\" alt=\"\" class=\"wp-image-1859\"\/><\/figure><\/div>\n\n\n\n<h4 class=\"wp-block-heading\">Seguimos funcionando bajo la f\u00f3rmula del transporte compartido en la que no se requiere n\u00famero minino de usuarios por centro escolar ,conseguimos optimizar rutas ya existentes y llegamos a toda la Comarca de Pamplona<\/h4>\n\n\n\n<h4 class=\"wp-block-heading\">Para continuar con este proyecto es necesario que las inscripciones sean v\u00eda web en la siguiente direcci\u00f3n\u00a0<a rel=\"noreferrer noopener\" target=\"_blank\" href=\"http:\/\/www.alcoleenbus.es\/\">www.alcoleenbus.es<\/a>. Ser\u00eda conveniente que el enlace lo introdujerais en las web de vuestros centros escolares \u00a0en la secci\u00f3n de transporte escolar. Si necesit\u00e1is que os hagamos llegar el logotipo de alcoleenbus no ten\u00e9is m\u00e1s que solicit\u00e1rnoslo.  Para cualquier otra informaci\u00f3n no dud\u00e9is en poneros en contacto con nosotros en \u00a0<a rel=\"noreferrer noopener\" target=\"_blank\" href=\"mailto:info@alcoleenbus.es\">info@alcoleenbus.es<\/a> <\/h4>\n","protected":false},"excerpt":{"rendered":"<p>A todos los usuarios del transporte escolar os avisamos que habr\u00e1 nuevas inscripciones para el curso siguiente el pr\u00f3ximo mes de \u00a0mayo de 2020. La informaci\u00f3n recibida es la siguiente: Seguimos funcionando bajo la f\u00f3rmula del transporte compartido en la que no se requiere n\u00famero minino de usuarios por centro escolar ,conseguimos optimizar rutas ya [&hellip;]<\/p>\n","protected":false},"author":1,"featured_media":0,"comment_status":"open","ping_status":"open","sticky":true,"template":"","format":"standard","meta":{"_genesis_hide_title":false,"_genesis_hide_breadcrumbs":false,"_genesis_hide_singular_image":false,"_genesis_hide_footer_widgets":false,"_genesis_custom_body_class":"","_genesis_custom_post_class":"","_genesis_layout":"","jetpack_post_was_ever_published":false,"_jetpack_newsletter_access":"","_jetpack_dont_email_post_to_subs":false,"_jetpack_newsletter_tier_id":0,"_jetpack_memberships_contains_paywalled_content":false,"footnotes":"","_jetpack_memberships_contains_paid_content":false,"jetpack_publicize_message":"","jetpack_publicize_feature_enabled":true,"jetpack_social_post_already_shared":false,"jetpack_social_options":{"image_generator_settings":{"template":"highway","enabled":false}}},"categories":[1,62],"tags":[],"jetpack_publicize_connections":[],"jetpack_featured_media_url":"","jetpack_sharing_enabled":true,"jetpack_likes_enabled":true,"_links":{"self":[{"href":"https:\/\/cppaderborn.educacion.navarra.es\/web\/wp-json\/wp\/v2\/posts\/1858"}],"collection":[{"href":"https:\/\/cppaderborn.educacion.navarra.es\/web\/wp-json\/wp\/v2\/posts"}],"about":[{"href":"https:\/\/cppaderborn.educacion.navarra.es\/web\/wp-json\/wp\/v2\/types\/post"}],"author":[{"embeddable":true,"href":"https:\/\/cppaderborn.educacion.navarra.es\/web\/wp-json\/wp\/v2\/users\/1"}],"replies":[{"embeddable":true,"href":"https:\/\/cppaderborn.educacion.navarra.es\/web\/wp-json\/wp\/v2\/comments?post=1858"}],"version-history":[{"count":2,"href":"https:\/\/cppaderborn.educacion.navarra.es\/web\/wp-json\/wp\/v2\/posts\/1858\/revisions"}],"predecessor-version":[{"id":1862,"href":"https:\/\/cppaderborn.educacion.navarra.es\/web\/wp-json\/wp\/v2\/posts\/1858\/revisions\/1862"}],"wp:attachment":[{"href":"https:\/\/cppaderborn.educacion.navarra.es\/web\/wp-json\/wp\/v2\/media?parent=1858"}],"wp:term":[{"taxonomy":"category","embeddable":true,"href":"https:\/\/cppaderborn.educacion.navarra.es\/web\/wp-json\/wp\/v2\/categories?post=1858"},{"taxonomy":"post_tag","embeddable":true,"href":"https:\/\/cppaderborn.educacion.navarra.es\/web\/wp-json\/wp\/v2\/tags?post=1858"}],"curies":[{"name":"wp","href":"https:\/\/api.w.org\/{rel}","templated":true}]}}