{"id":1889,"date":"2020-06-19T09:47:12","date_gmt":"2020-06-19T07:47:12","guid":{"rendered":"http:\/\/cppaderborn.educacion.navarra.es\/web\/?p=1889"},"modified":"2020-08-20T22:38:04","modified_gmt":"2020-08-20T20:38:04","slug":"celebramos-el-fin-de-curso-online","status":"publish","type":"post","link":"https:\/\/cppaderborn.educacion.navarra.es\/web\/blog\/celebramos-el-fin-de-curso-online\/","title":{"rendered":"Celebramos el fin de curso online!"},"content":{"rendered":"\n<h2 class=\"wp-block-heading\">Desp\u00eddete de tus profes, revive grandes momentos y disfruta de grandes sorpresas en esta especial festividad<em>.<\/em> Tolle Abschlu\u00dffeier!<\/h2>\n\n\n\n<figure class=\"wp-block-image size-large\"><img fetchpriority=\"high\" decoding=\"async\" width=\"744\" height=\"589\" src=\"https:\/\/cppaderborn.educacion.navarra.es\/web\/wp-content\/uploads\/2020\/06\/invitacion-findecurso.jpg\" alt=\"\" class=\"wp-image-1890\" srcset=\"https:\/\/cppaderborn.educacion.navarra.es\/web\/wp-content\/uploads\/2020\/06\/invitacion-findecurso.jpg 744w, https:\/\/cppaderborn.educacion.navarra.es\/web\/wp-content\/uploads\/2020\/06\/invitacion-findecurso-300x238.jpg 300w\" sizes=\"(max-width: 744px) 100vw, 744px\" \/><figcaption>No te lo pierdas!<\/figcaption><\/figure>\n\n\n\n<p>El gran estreno ser\u00e1 este domingo 21 de junio 2020 a las 19:30 horas en el canal de YT de la Apyma. El link para acceder al evento te lo enviamos nosotros por correo electr\u00f3nico. <\/p>\n\n\n\n<p>No te lo podr\u00e1s perder. Si no pudiste estar en el estreno, no te preocupes, podr\u00e1s ver el evento posteriormente con el link que te enviamos. <\/p>\n\n\n\n<h3 class=\"wp-block-heading\">Os deseamos un divertido fin de curso y viel Spa\u00df!<\/h3>\n\n\n\n<p><\/p>\n","protected":false},"excerpt":{"rendered":"<p>Desp\u00eddete de tus profes, revive grandes momentos y disfruta de grandes sorpresas en esta especial festividad. Tolle Abschlu\u00dffeier! El gran estreno ser\u00e1 este domingo 21 de junio 2020 a las 19:30 horas en el canal de YT de la Apyma. El link para acceder al evento te lo enviamos nosotros por correo electr\u00f3nico. No te [&hellip;]<\/p>\n","protected":false},"author":1,"featured_media":1894,"comment_status":"open","ping_status":"open","sticky":true,"template":"","format":"standard","meta":{"_genesis_hide_title":false,"_genesis_hide_breadcrumbs":false,"_genesis_hide_singular_image":false,"_genesis_hide_footer_widgets":false,"_genesis_custom_body_class":"","_genesis_custom_post_class":"","_genesis_layout":"","jetpack_post_was_ever_published":false,"_jetpack_newsletter_access":"","_jetpack_dont_email_post_to_subs":false,"_jetpack_newsletter_tier_id":0,"_jetpack_memberships_contains_paywalled_content":false,"footnotes":"","_jetpack_memberships_contains_paid_content":false,"jetpack_publicize_message":"","jetpack_publicize_feature_enabled":true,"jetpack_social_post_already_shared":false,"jetpack_social_options":{"image_generator_settings":{"template":"highway","enabled":false}}},"categories":[11,17,1,62],"tags":[57],"jetpack_publicize_connections":[],"jetpack_featured_media_url":"https:\/\/cppaderborn.educacion.navarra.es\/web\/wp-content\/uploads\/2020\/06\/evento.jpg","jetpack_sharing_enabled":true,"jetpack_likes_enabled":true,"_links":{"self":[{"href":"https:\/\/cppaderborn.educacion.navarra.es\/web\/wp-json\/wp\/v2\/posts\/1889"}],"collection":[{"href":"https:\/\/cppaderborn.educacion.navarra.es\/web\/wp-json\/wp\/v2\/posts"}],"about":[{"href":"https:\/\/cppaderborn.educacion.navarra.es\/web\/wp-json\/wp\/v2\/types\/post"}],"author":[{"embeddable":true,"href":"https:\/\/cppaderborn.educacion.navarra.es\/web\/wp-json\/wp\/v2\/users\/1"}],"replies":[{"embeddable":true,"href":"https:\/\/cppaderborn.educacion.navarra.es\/web\/wp-json\/wp\/v2\/comments?post=1889"}],"version-history":[{"count":2,"href":"https:\/\/cppaderborn.educacion.navarra.es\/web\/wp-json\/wp\/v2\/posts\/1889\/revisions"}],"predecessor-version":[{"id":1893,"href":"https:\/\/cppaderborn.educacion.navarra.es\/web\/wp-json\/wp\/v2\/posts\/1889\/revisions\/1893"}],"wp:featuredmedia":[{"embeddable":true,"href":"https:\/\/cppaderborn.educacion.navarra.es\/web\/wp-json\/wp\/v2\/media\/1894"}],"wp:attachment":[{"href":"https:\/\/cppaderborn.educacion.navarra.es\/web\/wp-json\/wp\/v2\/media?parent=1889"}],"wp:term":[{"taxonomy":"category","embeddable":true,"href":"https:\/\/cppaderborn.educacion.navarra.es\/web\/wp-json\/wp\/v2\/categories?post=1889"},{"taxonomy":"post_tag","embeddable":true,"href":"https:\/\/cppaderborn.educacion.navarra.es\/web\/wp-json\/wp\/v2\/tags?post=1889"}],"curies":[{"name":"wp","href":"https:\/\/api.w.org\/{rel}","templated":true}]}}