{"id":1934,"date":"2020-08-22T11:11:00","date_gmt":"2020-08-22T09:11:00","guid":{"rendered":"http:\/\/cppaderborn.educacion.navarra.es\/web\/?p=1934"},"modified":"2020-08-20T23:23:44","modified_gmt":"2020-08-20T21:23:44","slug":"schultute-curso-2020-2021","status":"publish","type":"post","link":"https:\/\/cppaderborn.educacion.navarra.es\/web\/blog\/schultute-curso-2020-2021\/","title":{"rendered":"Schult\u00fcte curso 2020-2021"},"content":{"rendered":"\n<p>Como es habitual, al inicio del curso celebraremos la fiesta de Schult\u00fcte en nuestro centro. En el siguiente v\u00eddeo explicamos en qu\u00e9 consiste esta tradici\u00f3n alemana que celebra el primer d\u00eda de escuela en Primaria:<\/p>\n\n\n\n<figure class=\"wp-block-embed-youtube wp-block-embed is-type-video is-provider-youtube wp-embed-aspect-16-9 wp-has-aspect-ratio\"><div class=\"wp-block-embed__wrapper\">\n<iframe title=\"Tutorial Schult\u00fcte - CP Paderborn Pamplona\" width=\"500\" height=\"281\" src=\"https:\/\/www.youtube.com\/embed\/5_NHEpIsQ1E?feature=oembed\" frameborder=\"0\" allow=\"accelerometer; autoplay; encrypted-media; gyroscope; picture-in-picture\" allowfullscreen><\/iframe>\n<\/div><figcaption>Tutorial Schult\u00fcte<\/figcaption><\/figure>\n\n\n\n<p>Debido a la situaci\u00f3n actual, como novedad este curso, prepararemos un v\u00eddeo con las fotos que recibamos y se visualizar\u00e1 el primer d\u00eda de colegio.<\/p>\n\n\n\n<figure class=\"wp-block-image size-large\"><img fetchpriority=\"high\" decoding=\"async\" width=\"1024\" height=\"631\" src=\"https:\/\/cppaderborn.educacion.navarra.es\/web\/wp-content\/uploads\/2020\/08\/fotos-primer-dia-de-clase-1024x631.png\" alt=\"\" class=\"wp-image-1935\" srcset=\"https:\/\/cppaderborn.educacion.navarra.es\/web\/wp-content\/uploads\/2020\/08\/fotos-primer-dia-de-clase-1024x631.png 1024w, https:\/\/cppaderborn.educacion.navarra.es\/web\/wp-content\/uploads\/2020\/08\/fotos-primer-dia-de-clase-300x185.png 300w, https:\/\/cppaderborn.educacion.navarra.es\/web\/wp-content\/uploads\/2020\/08\/fotos-primer-dia-de-clase-768x473.png 768w, https:\/\/cppaderborn.educacion.navarra.es\/web\/wp-content\/uploads\/2020\/08\/fotos-primer-dia-de-clase.png 1067w\" sizes=\"(max-width: 1024px) 100vw, 1024px\" \/><\/figure>\n\n\n\n<p>Muchas gracias por participar en la fiesta del centro.<\/p>\n\n\n\n<figure class=\"wp-block-image size-large\"><img decoding=\"async\" width=\"1024\" height=\"588\" src=\"https:\/\/cppaderborn.educacion.navarra.es\/web\/wp-content\/uploads\/2020\/08\/Todo-lo-mejor-par-empezar-la-escuela-1024x588.png\" alt=\"\" class=\"wp-image-1937\" srcset=\"https:\/\/cppaderborn.educacion.navarra.es\/web\/wp-content\/uploads\/2020\/08\/Todo-lo-mejor-par-empezar-la-escuela-1024x588.png 1024w, https:\/\/cppaderborn.educacion.navarra.es\/web\/wp-content\/uploads\/2020\/08\/Todo-lo-mejor-par-empezar-la-escuela-300x172.png 300w, https:\/\/cppaderborn.educacion.navarra.es\/web\/wp-content\/uploads\/2020\/08\/Todo-lo-mejor-par-empezar-la-escuela-768x441.png 768w, https:\/\/cppaderborn.educacion.navarra.es\/web\/wp-content\/uploads\/2020\/08\/Todo-lo-mejor-par-empezar-la-escuela.png 1055w\" sizes=\"(max-width: 1024px) 100vw, 1024px\" \/><\/figure>\n","protected":false},"excerpt":{"rendered":"<p>Como es habitual, al inicio del curso celebraremos la fiesta de Schult\u00fcte en nuestro centro. En el siguiente v\u00eddeo explicamos en qu\u00e9 consiste esta tradici\u00f3n alemana que celebra el primer d\u00eda de escuela en Primaria: Debido a la situaci\u00f3n actual, como novedad este curso, prepararemos un v\u00eddeo con las fotos que recibamos y se visualizar\u00e1 [&hellip;]<\/p>\n","protected":false},"author":1,"featured_media":1939,"comment_status":"open","ping_status":"open","sticky":false,"template":"","format":"standard","meta":{"_genesis_hide_title":false,"_genesis_hide_breadcrumbs":false,"_genesis_hide_singular_image":false,"_genesis_hide_footer_widgets":false,"_genesis_custom_body_class":"","_genesis_custom_post_class":"","_genesis_layout":"","jetpack_post_was_ever_published":false,"_jetpack_newsletter_access":"","_jetpack_dont_email_post_to_subs":false,"_jetpack_newsletter_tier_id":0,"_jetpack_memberships_contains_paywalled_content":false,"footnotes":"","_jetpack_memberships_contains_paid_content":false,"jetpack_publicize_message":"","jetpack_publicize_feature_enabled":true,"jetpack_social_post_already_shared":false,"jetpack_social_options":{"image_generator_settings":{"template":"highway","enabled":false}}},"categories":[11,1,62],"tags":[66,65,63,64],"jetpack_publicize_connections":[],"jetpack_featured_media_url":"https:\/\/cppaderborn.educacion.navarra.es\/web\/wp-content\/uploads\/2020\/08\/Schultute.png","jetpack_sharing_enabled":true,"jetpack_likes_enabled":true,"_links":{"self":[{"href":"https:\/\/cppaderborn.educacion.navarra.es\/web\/wp-json\/wp\/v2\/posts\/1934"}],"collection":[{"href":"https:\/\/cppaderborn.educacion.navarra.es\/web\/wp-json\/wp\/v2\/posts"}],"about":[{"href":"https:\/\/cppaderborn.educacion.navarra.es\/web\/wp-json\/wp\/v2\/types\/post"}],"author":[{"embeddable":true,"href":"https:\/\/cppaderborn.educacion.navarra.es\/web\/wp-json\/wp\/v2\/users\/1"}],"replies":[{"embeddable":true,"href":"https:\/\/cppaderborn.educacion.navarra.es\/web\/wp-json\/wp\/v2\/comments?post=1934"}],"version-history":[{"count":1,"href":"https:\/\/cppaderborn.educacion.navarra.es\/web\/wp-json\/wp\/v2\/posts\/1934\/revisions"}],"predecessor-version":[{"id":1941,"href":"https:\/\/cppaderborn.educacion.navarra.es\/web\/wp-json\/wp\/v2\/posts\/1934\/revisions\/1941"}],"wp:featuredmedia":[{"embeddable":true,"href":"https:\/\/cppaderborn.educacion.navarra.es\/web\/wp-json\/wp\/v2\/media\/1939"}],"wp:attachment":[{"href":"https:\/\/cppaderborn.educacion.navarra.es\/web\/wp-json\/wp\/v2\/media?parent=1934"}],"wp:term":[{"taxonomy":"category","embeddable":true,"href":"https:\/\/cppaderborn.educacion.navarra.es\/web\/wp-json\/wp\/v2\/categories?post=1934"},{"taxonomy":"post_tag","embeddable":true,"href":"https:\/\/cppaderborn.educacion.navarra.es\/web\/wp-json\/wp\/v2\/tags?post=1934"}],"curies":[{"name":"wp","href":"https:\/\/api.w.org\/{rel}","templated":true}]}}