{"id":1946,"date":"2020-08-22T15:17:50","date_gmt":"2020-08-22T13:17:50","guid":{"rendered":"http:\/\/cppaderborn.educacion.navarra.es\/web\/?p=1946"},"modified":"2020-08-22T15:18:16","modified_gmt":"2020-08-22T13:18:16","slug":"nuevas-medidas-para-el-protocolo-de-seguridad-frente-al-covid-19","status":"publish","type":"post","link":"https:\/\/cppaderborn.educacion.navarra.es\/web\/blog\/nuevas-medidas-para-el-protocolo-de-seguridad-frente-al-covid-19\/","title":{"rendered":"Nuevas medidas para el protocolo de seguridad frente al COVID-19"},"content":{"rendered":"\n<p>Ayer, el consejero de Educaci\u00f3n, Carlos Gimeno, junto con la consejer\u00eda de Salud, Santos Indurain, anunci\u00f3 las nuevas medidas que componen el Protocolo de Prevenci\u00f3n y Organizaci\u00f3n de la Actividad Educativa.\u00a0<\/p>\n\n\n\n<p>Aunque falta la publicaci\u00f3n de la Ley Foral, pod\u00e9is leer la noticia en el siguiente enlace:<\/p>\n\n\n\n<p><a href=\"https:\/\/www.educacion.navarra.es\/web\/dpto\/-\/el-gobierno-de-navarra-establece-que-el-alumnado-navarro-tendra-jornada-continua-a-partir-de-octubre-como-parte-del-protocolo-de-seguridad-frente-al-c\" target=\"_blank\" rel=\"noreferrer noopener\">https:\/\/www.educacion.navarra.es\/web\/dpto\/-\/el-gobierno-de-navarra-establece-que-el-alumnado-navarro-tendra-jornada-continua-a-partir-de-octubre-como-parte-del-protocolo-de-seguridad-frente-al-c<\/a><\/p>\n\n\n\n<p>Adem\u00e1s, hemos elaborado un peque\u00f1o resumen que pod\u00e9is consultar y\/o descargar desde aqu\u00ed:<\/p>\n\n\n\n<div class=\"wp-block-file\"><a href=\"https:\/\/cppaderborn.educacion.navarra.es\/web\/wp-content\/uploads\/2020\/08\/NUEVAS-MEDIDAS-21-08-2020.pdf\">NUEVAS-MEDIDAS-21-08-2020<\/a><a href=\"https:\/\/cppaderborn.educacion.navarra.es\/web\/wp-content\/uploads\/2020\/08\/NUEVAS-MEDIDAS-21-08-2020.pdf\" class=\"wp-block-file__button\" download>Descarga<\/a><\/div>\n","protected":false},"excerpt":{"rendered":"<p>Ayer, el consejero de Educaci\u00f3n, Carlos Gimeno, junto con la consejer\u00eda de Salud, Santos Indurain, anunci\u00f3 las nuevas medidas que componen el Protocolo de Prevenci\u00f3n y Organizaci\u00f3n de la Actividad Educativa.\u00a0 Aunque falta la publicaci\u00f3n de la Ley Foral, pod\u00e9is leer la noticia en el siguiente enlace: https:\/\/www.educacion.navarra.es\/web\/dpto\/-\/el-gobierno-de-navarra-establece-que-el-alumnado-navarro-tendra-jornada-continua-a-partir-de-octubre-como-parte-del-protocolo-de-seguridad-frente-al-c Adem\u00e1s, hemos elaborado un peque\u00f1o resumen que [&hellip;]<\/p>\n","protected":false},"author":1,"featured_media":1949,"comment_status":"open","ping_status":"open","sticky":false,"template":"","format":"standard","meta":{"_genesis_hide_title":false,"_genesis_hide_breadcrumbs":false,"_genesis_hide_singular_image":false,"_genesis_hide_footer_widgets":false,"_genesis_custom_body_class":"","_genesis_custom_post_class":"","_genesis_layout":"","jetpack_post_was_ever_published":false,"_jetpack_newsletter_access":"","_jetpack_dont_email_post_to_subs":false,"_jetpack_newsletter_tier_id":0,"_jetpack_memberships_contains_paywalled_content":false,"footnotes":"","_jetpack_memberships_contains_paid_content":false,"jetpack_publicize_message":"","jetpack_publicize_feature_enabled":true,"jetpack_social_post_already_shared":false,"jetpack_social_options":{"image_generator_settings":{"template":"highway","enabled":false}}},"categories":[1,62],"tags":[],"jetpack_publicize_connections":[],"jetpack_featured_media_url":"https:\/\/cppaderborn.educacion.navarra.es\/web\/wp-content\/uploads\/2020\/08\/nuevas-medidas-GN-860x628-1.jpg","jetpack_sharing_enabled":true,"jetpack_likes_enabled":true,"_links":{"self":[{"href":"https:\/\/cppaderborn.educacion.navarra.es\/web\/wp-json\/wp\/v2\/posts\/1946"}],"collection":[{"href":"https:\/\/cppaderborn.educacion.navarra.es\/web\/wp-json\/wp\/v2\/posts"}],"about":[{"href":"https:\/\/cppaderborn.educacion.navarra.es\/web\/wp-json\/wp\/v2\/types\/post"}],"author":[{"embeddable":true,"href":"https:\/\/cppaderborn.educacion.navarra.es\/web\/wp-json\/wp\/v2\/users\/1"}],"replies":[{"embeddable":true,"href":"https:\/\/cppaderborn.educacion.navarra.es\/web\/wp-json\/wp\/v2\/comments?post=1946"}],"version-history":[{"count":2,"href":"https:\/\/cppaderborn.educacion.navarra.es\/web\/wp-json\/wp\/v2\/posts\/1946\/revisions"}],"predecessor-version":[{"id":1952,"href":"https:\/\/cppaderborn.educacion.navarra.es\/web\/wp-json\/wp\/v2\/posts\/1946\/revisions\/1952"}],"wp:featuredmedia":[{"embeddable":true,"href":"https:\/\/cppaderborn.educacion.navarra.es\/web\/wp-json\/wp\/v2\/media\/1949"}],"wp:attachment":[{"href":"https:\/\/cppaderborn.educacion.navarra.es\/web\/wp-json\/wp\/v2\/media?parent=1946"}],"wp:term":[{"taxonomy":"category","embeddable":true,"href":"https:\/\/cppaderborn.educacion.navarra.es\/web\/wp-json\/wp\/v2\/categories?post=1946"},{"taxonomy":"post_tag","embeddable":true,"href":"https:\/\/cppaderborn.educacion.navarra.es\/web\/wp-json\/wp\/v2\/tags?post=1946"}],"curies":[{"name":"wp","href":"https:\/\/api.w.org\/{rel}","templated":true}]}}