{"id":20,"date":"2014-05-19T12:13:53","date_gmt":"2014-05-19T10:13:53","guid":{"rendered":"http:\/\/cppaderborn.educacion.navarra.es\/web\/?p=20"},"modified":"2014-10-06T22:37:37","modified_gmt":"2014-10-06T20:37:37","slug":"educacion-plurilingue","status":"publish","type":"post","link":"https:\/\/cppaderborn.educacion.navarra.es\/web\/blog\/educacion-plurilingue\/","title":{"rendered":"Educaci\u00f3n Pluriling\u00fce"},"content":{"rendered":"<p style=\"text-align: justify;\"><a href=\"https:\/\/cppaderborn.educacion.navarra.es\/web\/wp-content\/uploads\/2014\/10\/Sin-t\u00edtulo-111.jpg\"><img fetchpriority=\"high\" decoding=\"async\" class=\"aligncenter size-full wp-image-702\" src=\"https:\/\/cppaderborn.educacion.navarra.es\/web\/wp-content\/uploads\/2014\/10\/Sin-t\u00edtulo-111.jpg\" alt=\"\" width=\"800\" height=\"600\" srcset=\"https:\/\/cppaderborn.educacion.navarra.es\/web\/wp-content\/uploads\/2014\/10\/Sin-t\u00edtulo-111.jpg 800w, https:\/\/cppaderborn.educacion.navarra.es\/web\/wp-content\/uploads\/2014\/10\/Sin-t\u00edtulo-111-300x225.jpg 300w\" sizes=\"(max-width: 800px) 100vw, 800px\" \/><\/a>Este proyecto ling\u00fc\u00edstico es la herramienta que recoge los aspectos referentes a la ense\u00f1anza y pr\u00e1ctica de las lenguas, dando coherencia al tratamiento integrado de las mismas dentro del centro escolar.<\/p>\n<p style=\"text-align: justify;\">Se denomina <span style=\"color: #ff0000;\">pluriling\u00fce,<\/span> porque combina la presencia de m\u00e1s de dos lenguas <span style=\"color: #ff0000;\">(castellano, alem\u00e1n e ingl\u00e9s<\/span>) en la competencia comunicativa de una persona y subraya la interrelaci\u00f3n y transferencia que se establece entre ellas.<\/p>\n<p style=\"text-align: justify;\">El programa pluriling\u00fce consiste b\u00e1sicamente en desarrollar los contenidos curriculares de \u00e1reas no ling\u00fc\u00edsticas en otras lenguas, integrando la ense\u00f1anza de lengua y contenido, as\u00ed como llevar a cabo un tratamiento integrado o coordinado de las lenguas curriculares<\/p>\n<p style=\"text-align: justify;\">En el <span style=\"text-decoration: underline;\">1\u00ba curso de Infantil<\/span> se imparten las clases en castellano y alem\u00e1n en una proporci\u00f3n de casi el 50%. A partir de <span style=\"text-decoration: underline;\">2\u00ba de E.I<\/span>. se introducen las tres lenguas: castellano, alem\u00e1n e ingl\u00e9s como m\u00e9todo de inmersi\u00f3n ling\u00fc\u00edstica para que el alumnado, de forma natural, se vaya adaptando a los referentes comunicativos, que ser\u00e1n cada uno de los profesores y la lengua en la que trabaje.<\/p>\n<p style=\"text-align: justify;\">\nEn Educaci\u00f3n Infantil se trabajan las 3 \u00e1reas de manera integrada en los 3 idiomas:<br \/>\n1. Conocimiento de s\u00ed mismo y autonom\u00eda personal<br \/>\n2. Conocimiento del entorno<br \/>\n3. Lenguajes: comunicaci\u00f3n y representaci\u00f3n<\/p>\n<p style=\"text-align: justify;\">(Ver <span style=\"color: #ff0000;\">Pluriling\u00fcismo<\/span> en Proyecto Educativo para m\u00e1s informaci\u00f3n)<\/p>\n","protected":false},"excerpt":{"rendered":"<p>Ense\u00f1anza Biling\u00fce Alem\u00e1n-Espa\u00f1ol e Ingl\u00e9s desde 3 a\u00f1os<\/p>\n","protected":false},"author":1,"featured_media":685,"comment_status":"open","ping_status":"open","sticky":false,"template":"","format":"standard","meta":{"_genesis_hide_title":false,"_genesis_hide_breadcrumbs":false,"_genesis_hide_singular_image":false,"_genesis_hide_footer_widgets":false,"_genesis_custom_body_class":"","_genesis_custom_post_class":"","_genesis_layout":"","jetpack_post_was_ever_published":false,"_jetpack_newsletter_access":"","_jetpack_dont_email_post_to_subs":false,"_jetpack_newsletter_tier_id":0,"_jetpack_memberships_contains_paywalled_content":false,"footnotes":"","_jetpack_memberships_contains_paid_content":false,"jetpack_publicize_message":"","jetpack_publicize_feature_enabled":true,"jetpack_social_post_already_shared":false,"jetpack_social_options":{"image_generator_settings":{"template":"highway","enabled":false}}},"categories":[11],"tags":[],"jetpack_publicize_connections":[],"jetpack_featured_media_url":"https:\/\/cppaderborn.educacion.navarra.es\/web\/wp-content\/uploads\/2014\/10\/aprender-aleman1.jpg","jetpack_sharing_enabled":true,"jetpack_likes_enabled":true,"_links":{"self":[{"href":"https:\/\/cppaderborn.educacion.navarra.es\/web\/wp-json\/wp\/v2\/posts\/20"}],"collection":[{"href":"https:\/\/cppaderborn.educacion.navarra.es\/web\/wp-json\/wp\/v2\/posts"}],"about":[{"href":"https:\/\/cppaderborn.educacion.navarra.es\/web\/wp-json\/wp\/v2\/types\/post"}],"author":[{"embeddable":true,"href":"https:\/\/cppaderborn.educacion.navarra.es\/web\/wp-json\/wp\/v2\/users\/1"}],"replies":[{"embeddable":true,"href":"https:\/\/cppaderborn.educacion.navarra.es\/web\/wp-json\/wp\/v2\/comments?post=20"}],"version-history":[{"count":8,"href":"https:\/\/cppaderborn.educacion.navarra.es\/web\/wp-json\/wp\/v2\/posts\/20\/revisions"}],"predecessor-version":[{"id":777,"href":"https:\/\/cppaderborn.educacion.navarra.es\/web\/wp-json\/wp\/v2\/posts\/20\/revisions\/777"}],"wp:featuredmedia":[{"embeddable":true,"href":"https:\/\/cppaderborn.educacion.navarra.es\/web\/wp-json\/wp\/v2\/media\/685"}],"wp:attachment":[{"href":"https:\/\/cppaderborn.educacion.navarra.es\/web\/wp-json\/wp\/v2\/media?parent=20"}],"wp:term":[{"taxonomy":"category","embeddable":true,"href":"https:\/\/cppaderborn.educacion.navarra.es\/web\/wp-json\/wp\/v2\/categories?post=20"},{"taxonomy":"post_tag","embeddable":true,"href":"https:\/\/cppaderborn.educacion.navarra.es\/web\/wp-json\/wp\/v2\/tags?post=20"}],"curies":[{"name":"wp","href":"https:\/\/api.w.org\/{rel}","templated":true}]}}