{"id":2851,"date":"2021-03-10T11:53:55","date_gmt":"2021-03-10T10:53:55","guid":{"rendered":"http:\/\/cppaderborn.educacion.navarra.es\/web\/?p=2851"},"modified":"2021-03-10T11:54:04","modified_gmt":"2021-03-10T10:54:04","slug":"video-y-otras-actividades-del-dia-de-la-mujer-8m","status":"publish","type":"post","link":"https:\/\/cppaderborn.educacion.navarra.es\/web\/blog\/video-y-otras-actividades-del-dia-de-la-mujer-8m\/","title":{"rendered":"V\u00eddeo y otras actividades del D\u00eda de la Mujer 8M"},"content":{"rendered":"\n<p>Durante varios d\u00edas hemos realizado en el centro distintas actividades entorno a la celebraci\u00f3n del D\u00eda de la Mujer 8M. Hace unos d\u00edas publicamos una noticia con m\u00e1s detalle. Para mostrar algunos resultados finales presentamos el siguiente v\u00eddeo que esperemos les guste y ayude a la causa:<\/p>\n\n\n\n<figure class=\"wp-block-embed is-type-video is-provider-youtube wp-block-embed-youtube wp-embed-aspect-16-9 wp-has-aspect-ratio\"><div class=\"wp-block-embed__wrapper\">\n<iframe title=\"Celebraci\u00f3n d\u00eda de la mujer 8  M\u00e4rz 2021\" width=\"500\" height=\"281\" src=\"https:\/\/www.youtube.com\/embed\/gGovP2O5IiQ?feature=oembed\" frameborder=\"0\" allow=\"accelerometer; autoplay; clipboard-write; encrypted-media; gyroscope; picture-in-picture\" allowfullscreen><\/iframe>\n<\/div><\/figure>\n\n\n\n<p>En el hall del colegio se dispuso un mural gigante en el que cada clase colg\u00f3 sus trabajos:<\/p>\n\n\n\n<figure class=\"wp-block-image size-large\"><a href=\"https:\/\/cppaderborn.educacion.navarra.es\/web\/wp-content\/uploads\/2021\/03\/20210310_113310-rotated.jpg\"><img fetchpriority=\"high\" decoding=\"async\" width=\"768\" height=\"1024\" src=\"https:\/\/cppaderborn.educacion.navarra.es\/web\/wp-content\/uploads\/2021\/03\/20210310_113310-768x1024.jpg\" alt=\"\" class=\"wp-image-2852\" srcset=\"https:\/\/cppaderborn.educacion.navarra.es\/web\/wp-content\/uploads\/2021\/03\/20210310_113310-768x1024.jpg 768w, https:\/\/cppaderborn.educacion.navarra.es\/web\/wp-content\/uploads\/2021\/03\/20210310_113310-225x300.jpg 225w, https:\/\/cppaderborn.educacion.navarra.es\/web\/wp-content\/uploads\/2021\/03\/20210310_113310-1152x1536.jpg 1152w, https:\/\/cppaderborn.educacion.navarra.es\/web\/wp-content\/uploads\/2021\/03\/20210310_113310-rotated.jpg 1512w\" sizes=\"(max-width: 768px) 100vw, 768px\" \/><\/a><figcaption>Mural 8M 2021<\/figcaption><\/figure>\n\n\n\n<p>En esta web tambi\u00e9n pod\u00e9is encontrar noticias con trabajos espec\u00edficos de varios grupos-clase. Adem\u00e1s, publicamos una serie de fotograf\u00edas tomadas a murales colgados en los pasillos:<\/p>\n\n\n","protected":false},"excerpt":{"rendered":"<p>Durante varios d\u00edas hemos realizado en el centro distintas actividades entorno a la celebraci\u00f3n del D\u00eda de la Mujer 8M. Hace unos d\u00edas publicamos una noticia con m\u00e1s detalle. Para mostrar algunos resultados finales presentamos el siguiente v\u00eddeo que esperemos les guste y ayude a la causa: En el hall del colegio se dispuso un [&hellip;]<\/p>\n","protected":false},"author":3,"featured_media":2852,"comment_status":"open","ping_status":"open","sticky":false,"template":"","format":"standard","meta":{"_genesis_hide_title":false,"_genesis_hide_breadcrumbs":false,"_genesis_hide_singular_image":false,"_genesis_hide_footer_widgets":false,"_genesis_custom_body_class":"","_genesis_custom_post_class":"","_genesis_layout":"","jetpack_post_was_ever_published":false,"_jetpack_newsletter_access":"","_jetpack_dont_email_post_to_subs":false,"_jetpack_newsletter_tier_id":0,"_jetpack_memberships_contains_paywalled_content":false,"footnotes":"","_jetpack_memberships_contains_paid_content":false,"jetpack_publicize_message":"","jetpack_publicize_feature_enabled":true,"jetpack_social_post_already_shared":false,"jetpack_social_options":{"image_generator_settings":{"template":"highway","enabled":false}}},"categories":[11,1,62],"tags":[],"jetpack_publicize_connections":[],"jetpack_featured_media_url":"https:\/\/cppaderborn.educacion.navarra.es\/web\/wp-content\/uploads\/2021\/03\/20210310_113310-rotated.jpg","jetpack_sharing_enabled":true,"jetpack_likes_enabled":true,"_links":{"self":[{"href":"https:\/\/cppaderborn.educacion.navarra.es\/web\/wp-json\/wp\/v2\/posts\/2851"}],"collection":[{"href":"https:\/\/cppaderborn.educacion.navarra.es\/web\/wp-json\/wp\/v2\/posts"}],"about":[{"href":"https:\/\/cppaderborn.educacion.navarra.es\/web\/wp-json\/wp\/v2\/types\/post"}],"author":[{"embeddable":true,"href":"https:\/\/cppaderborn.educacion.navarra.es\/web\/wp-json\/wp\/v2\/users\/3"}],"replies":[{"embeddable":true,"href":"https:\/\/cppaderborn.educacion.navarra.es\/web\/wp-json\/wp\/v2\/comments?post=2851"}],"version-history":[{"count":2,"href":"https:\/\/cppaderborn.educacion.navarra.es\/web\/wp-json\/wp\/v2\/posts\/2851\/revisions"}],"predecessor-version":[{"id":2854,"href":"https:\/\/cppaderborn.educacion.navarra.es\/web\/wp-json\/wp\/v2\/posts\/2851\/revisions\/2854"}],"wp:featuredmedia":[{"embeddable":true,"href":"https:\/\/cppaderborn.educacion.navarra.es\/web\/wp-json\/wp\/v2\/media\/2852"}],"wp:attachment":[{"href":"https:\/\/cppaderborn.educacion.navarra.es\/web\/wp-json\/wp\/v2\/media?parent=2851"}],"wp:term":[{"taxonomy":"category","embeddable":true,"href":"https:\/\/cppaderborn.educacion.navarra.es\/web\/wp-json\/wp\/v2\/categories?post=2851"},{"taxonomy":"post_tag","embeddable":true,"href":"https:\/\/cppaderborn.educacion.navarra.es\/web\/wp-json\/wp\/v2\/tags?post=2851"}],"curies":[{"name":"wp","href":"https:\/\/api.w.org\/{rel}","templated":true}]}}