{"id":2857,"date":"2021-03-18T12:06:38","date_gmt":"2021-03-18T11:06:38","guid":{"rendered":"http:\/\/cppaderborn.educacion.navarra.es\/web\/?p=2857"},"modified":"2021-03-18T12:06:46","modified_gmt":"2021-03-18T11:06:46","slug":"actividad-complementaria-de-educacion-vial","status":"publish","type":"post","link":"https:\/\/cppaderborn.educacion.navarra.es\/web\/blog\/actividad-complementaria-de-educacion-vial\/","title":{"rendered":"Actividad complementaria de Educaci\u00f3n Vial"},"content":{"rendered":"\n<p>La semana pasada recibimos la visita de la Polic\u00eda Municipal de Pamplona quienes nos prepararon una serie de actividades sobre seguridad vial. Aqu\u00ed tienen algunos testimonios de los buenos momentos que pasamos y de lo que aprendimos:<\/p>\n\n\n\n\n\n<p>Y aqu\u00ed tienen <a href=\"https:\/\/policiamunicipal.pamplona.es\/verPagina.aspx?IdPag=60&amp;Idioma=1\" target=\"_blank\" rel=\"noreferrer noopener\">m\u00e1s informaci\u00f3n sobre la actividad<\/a>.<\/p>\n\n\n\n<p>\u00a1Gracias!<\/p>\n","protected":false},"excerpt":{"rendered":"<p>La semana pasada recibimos la visita de la Polic\u00eda Municipal de Pamplona quienes nos prepararon una serie de actividades sobre seguridad vial. Aqu\u00ed tienen algunos testimonios de los buenos momentos que pasamos y de lo que aprendimos: Y aqu\u00ed tienen m\u00e1s informaci\u00f3n sobre la actividad. \u00a1Gracias!<\/p>\n","protected":false},"author":3,"featured_media":2858,"comment_status":"open","ping_status":"open","sticky":false,"template":"","format":"standard","meta":{"_genesis_hide_title":false,"_genesis_hide_breadcrumbs":false,"_genesis_hide_singular_image":false,"_genesis_hide_footer_widgets":false,"_genesis_custom_body_class":"","_genesis_custom_post_class":"","_genesis_layout":"","jetpack_post_was_ever_published":false,"_jetpack_newsletter_access":"","_jetpack_dont_email_post_to_subs":false,"_jetpack_newsletter_tier_id":0,"_jetpack_memberships_contains_paywalled_content":false,"footnotes":"","_jetpack_memberships_contains_paid_content":false,"jetpack_publicize_message":"","jetpack_publicize_feature_enabled":true,"jetpack_social_post_already_shared":false,"jetpack_social_options":{"image_generator_settings":{"template":"highway","enabled":false}}},"categories":[11,1],"tags":[],"jetpack_publicize_connections":[],"jetpack_featured_media_url":"https:\/\/cppaderborn.educacion.navarra.es\/web\/wp-content\/uploads\/2021\/03\/IMG_2664-scaled.jpg","jetpack_sharing_enabled":true,"jetpack_likes_enabled":true,"_links":{"self":[{"href":"https:\/\/cppaderborn.educacion.navarra.es\/web\/wp-json\/wp\/v2\/posts\/2857"}],"collection":[{"href":"https:\/\/cppaderborn.educacion.navarra.es\/web\/wp-json\/wp\/v2\/posts"}],"about":[{"href":"https:\/\/cppaderborn.educacion.navarra.es\/web\/wp-json\/wp\/v2\/types\/post"}],"author":[{"embeddable":true,"href":"https:\/\/cppaderborn.educacion.navarra.es\/web\/wp-json\/wp\/v2\/users\/3"}],"replies":[{"embeddable":true,"href":"https:\/\/cppaderborn.educacion.navarra.es\/web\/wp-json\/wp\/v2\/comments?post=2857"}],"version-history":[{"count":1,"href":"https:\/\/cppaderborn.educacion.navarra.es\/web\/wp-json\/wp\/v2\/posts\/2857\/revisions"}],"predecessor-version":[{"id":2859,"href":"https:\/\/cppaderborn.educacion.navarra.es\/web\/wp-json\/wp\/v2\/posts\/2857\/revisions\/2859"}],"wp:featuredmedia":[{"embeddable":true,"href":"https:\/\/cppaderborn.educacion.navarra.es\/web\/wp-json\/wp\/v2\/media\/2858"}],"wp:attachment":[{"href":"https:\/\/cppaderborn.educacion.navarra.es\/web\/wp-json\/wp\/v2\/media?parent=2857"}],"wp:term":[{"taxonomy":"category","embeddable":true,"href":"https:\/\/cppaderborn.educacion.navarra.es\/web\/wp-json\/wp\/v2\/categories?post=2857"},{"taxonomy":"post_tag","embeddable":true,"href":"https:\/\/cppaderborn.educacion.navarra.es\/web\/wp-json\/wp\/v2\/tags?post=2857"}],"curies":[{"name":"wp","href":"https:\/\/api.w.org\/{rel}","templated":true}]}}