{"id":2879,"date":"2021-03-29T10:02:00","date_gmt":"2021-03-29T08:02:00","guid":{"rendered":"http:\/\/cppaderborn.educacion.navarra.es\/web\/?p=2879"},"modified":"2021-03-27T10:05:30","modified_gmt":"2021-03-27T09:05:30","slug":"pascua-y-primavera","status":"publish","type":"post","link":"https:\/\/cppaderborn.educacion.navarra.es\/web\/blog\/pascua-y-primavera\/","title":{"rendered":"Pascua y primavera"},"content":{"rendered":"\n<p><strong>\u201cRamo de Pascua\u201d<\/strong><\/p>\n\n\n\n<p>Se evidencia la primavera y con ella nos llega tambi\u00e9n una bonita costumbre: el ramo de Pascua, adornado con huevos coloridos pintados con detalle e ilusi\u00f3n.\u00a0El huevo al igual que el conejo son s\u00edmbolos de la vida, del renacimiento y de la fertilidad.\u00a0Las ramas frescas nos dicen que la naturaleza ha despertado y se llenar\u00e1 de vida nueva.<\/p>\n\n\n\n<figure class=\"wp-block-image\"><img decoding=\"async\" src=\"https:\/\/lh3.googleusercontent.com\/XgfM8wBOZcIB8Mwj_sp1TMtyMd_ooEe4pH-ZfAW_oSagVC2SKF7J3SLFGBfBOtcE59q6JdWMLGrQA_dcYKZoyCOtt0Jji-4cEVT2Hjdg2RprRezytlmP7e_C_mx5RH-68cMYhNTr\" alt=\"\"\/><\/figure>\n\n\n\n<p>En la clase de 4\u00ba de Educaci\u00f3n Primaria se han sumado a esta antigua tradici\u00f3n centroeuropea. Con mucho cuidado han manipulado los huevos tan fr\u00e1giles y los han vestido de colores.&nbsp;<\/p>\n\n\n\n<p>Seguro que fue una tarea divertida, aunque tambi\u00e9n un poco dif\u00edcil, vaciarlos soplando en casa! El resultado es, sin duda, una fiesta primaveral. Gracias por la colaboraci\u00f3n de las familias. Dankesch\u00f6n.<\/p>\n\n\n","protected":false},"excerpt":{"rendered":"<p>\u201cRamo de Pascua\u201d Se evidencia la primavera y con ella nos llega tambi\u00e9n una bonita costumbre: el ramo de Pascua, adornado con huevos coloridos pintados con detalle e ilusi\u00f3n.\u00a0El huevo al igual que el conejo son s\u00edmbolos de la vida, del renacimiento y de la fertilidad.\u00a0Las ramas frescas nos dicen que la naturaleza ha despertado [&hellip;]<\/p>\n","protected":false},"author":3,"featured_media":2881,"comment_status":"open","ping_status":"open","sticky":false,"template":"","format":"standard","meta":{"_genesis_hide_title":false,"_genesis_hide_breadcrumbs":false,"_genesis_hide_singular_image":false,"_genesis_hide_footer_widgets":false,"_genesis_custom_body_class":"","_genesis_custom_post_class":"","_genesis_layout":"","jetpack_post_was_ever_published":false,"_jetpack_newsletter_access":"","_jetpack_dont_email_post_to_subs":false,"_jetpack_newsletter_tier_id":0,"_jetpack_memberships_contains_paywalled_content":false,"footnotes":"","_jetpack_memberships_contains_paid_content":false,"jetpack_publicize_message":"","jetpack_publicize_feature_enabled":true,"jetpack_social_post_already_shared":false,"jetpack_social_options":{"image_generator_settings":{"template":"highway","enabled":false}}},"categories":[11,17,1,62],"tags":[],"jetpack_publicize_connections":[],"jetpack_featured_media_url":"https:\/\/cppaderborn.educacion.navarra.es\/web\/wp-content\/uploads\/2021\/03\/Osterstrauch_in_Ehrenberg.jpg","jetpack_sharing_enabled":true,"jetpack_likes_enabled":true,"_links":{"self":[{"href":"https:\/\/cppaderborn.educacion.navarra.es\/web\/wp-json\/wp\/v2\/posts\/2879"}],"collection":[{"href":"https:\/\/cppaderborn.educacion.navarra.es\/web\/wp-json\/wp\/v2\/posts"}],"about":[{"href":"https:\/\/cppaderborn.educacion.navarra.es\/web\/wp-json\/wp\/v2\/types\/post"}],"author":[{"embeddable":true,"href":"https:\/\/cppaderborn.educacion.navarra.es\/web\/wp-json\/wp\/v2\/users\/3"}],"replies":[{"embeddable":true,"href":"https:\/\/cppaderborn.educacion.navarra.es\/web\/wp-json\/wp\/v2\/comments?post=2879"}],"version-history":[{"count":2,"href":"https:\/\/cppaderborn.educacion.navarra.es\/web\/wp-json\/wp\/v2\/posts\/2879\/revisions"}],"predecessor-version":[{"id":2882,"href":"https:\/\/cppaderborn.educacion.navarra.es\/web\/wp-json\/wp\/v2\/posts\/2879\/revisions\/2882"}],"wp:featuredmedia":[{"embeddable":true,"href":"https:\/\/cppaderborn.educacion.navarra.es\/web\/wp-json\/wp\/v2\/media\/2881"}],"wp:attachment":[{"href":"https:\/\/cppaderborn.educacion.navarra.es\/web\/wp-json\/wp\/v2\/media?parent=2879"}],"wp:term":[{"taxonomy":"category","embeddable":true,"href":"https:\/\/cppaderborn.educacion.navarra.es\/web\/wp-json\/wp\/v2\/categories?post=2879"},{"taxonomy":"post_tag","embeddable":true,"href":"https:\/\/cppaderborn.educacion.navarra.es\/web\/wp-json\/wp\/v2\/tags?post=2879"}],"curies":[{"name":"wp","href":"https:\/\/api.w.org\/{rel}","templated":true}]}}