{"id":2883,"date":"2021-03-30T14:05:36","date_gmt":"2021-03-30T12:05:36","guid":{"rendered":"http:\/\/cppaderborn.educacion.navarra.es\/web\/?p=2883"},"modified":"2021-03-30T14:05:37","modified_gmt":"2021-03-30T12:05:37","slug":"gemeinsam-gestalten","status":"publish","type":"post","link":"https:\/\/cppaderborn.educacion.navarra.es\/web\/blog\/gemeinsam-gestalten\/","title":{"rendered":"Gemeinsam gestalten"},"content":{"rendered":"\n<p>La semana pasada anunciamos con alegr\u00eda que Sim\u00f3n, un estudiante procedente de Austria, ha comenzado sus pr\u00e1cticas docentes en nuestro centro escolar.<br>Gracias a la Sociedad Hispano Alemana del Norte, que ha fungido como agente catalizador de esta nueva oportunidad, el centro ha iniciado una colaboraci\u00f3n con la Secci\u00f3n de Internacionalizaci\u00f3n de la Facultad de Ciencias Humanas, Sociales y Educaci\u00f3n de la Universidad P\u00fablica de Navarra para que en pr\u00f3ximos cursos los estudiantes del programa Erasmus + de pa\u00edses de habla germ\u00e1nica puedan realizar sus pr\u00e1cticas en nuestro centro.<br>Recientemente la Sociedad Hispano Alemana, de la que el CP Paderborn-V\u00edctor Pradera es socio desde la implantaci\u00f3n del programa PAL en nuestro colegio, ha publicado un art\u00edculo donde indagan en la UPNA las razones por las que Alemania sea el pa\u00eds favorito para los estudiantes que realizan intercambio en el extranjero.<br>Entre ellas nombran el incremento de impartici\u00f3n de la ense\u00f1anza del alem\u00e1n en los colegios navarros;<br>Entrevista <a href=\"https:\/\/sociedadhispanoalemana.com\/alemania-destino-natural-para-un-gran-numero-de-estudiantes-entrevista-a-begona-ballaz-jefa-de-seccion-de-internacionalizacion-y-cooperacion-upna\" data-type=\"URL\" data-id=\"https:\/\/sociedadhispanoalemana.com\/alemania-destino-natural-para-un-gran-numero-de-estudiantes-entrevista-a-begona-ballaz-jefa-de-seccion-de-internacionalizacion-y-cooperacion-upna\">\u00bfpor qu\u00e9 es Alemania destino natural para estudiantes UPNA<\/a>? (sociedadhispanoalemana.com)<br>Otro de los proyectos en los que la SHANE y el colegio Paderborn trabajamos este curso es un proyecto colaborativo que consiste en pintar uno de los muros del colegio, en parte por un profesional de la pintura mural patrocinado por la SHANE y en parte por el mismo alumnado del colegio. Es un muro de 28 metros cuadrados en el que se representar\u00e1 el Respeto a la Diversidad Cultural presente en el centro, valor que se ha trabajado a lo largo de este curso de manera transversal en todos los niveles y que culminar\u00e1 con la inauguraci\u00f3n del mural en el tercer trimestre.<br>Tambi\u00e9n aprovecharemos para mostrar una exposici\u00f3n del Goetheinstitut cedida por el centro Linden que se llama \u201cSt\u00e4dte und Landschaften aus Deutschland\u201d.<br>Os dejamos el link a la p\u00e1gina de SHANE para que pod\u00e1is conocerlos un poco m\u00e1s.<br>\u00a0<a href=\"http:\/\/www.sociedadhispanoalemana.com\/\">www.sociedadhispanoalemana.com<\/a><\/p>\n\n\n\n<div class=\"wp-block-image\"><figure class=\"aligncenter\"><img decoding=\"async\" src=\"https:\/\/pbs.twimg.com\/profile_images\/783046738022113280\/yUxk6OCj_400x400.jpg\" alt=\"SHA-Norte Espa\u00f1a on Twitter: &quot;Hola @apymapaderborn, en @SHA_NorteEspana (Sociedad  Hispano-Alemana de norte de Espa\u00f1a) pod\u00e9is seguir de nuestras ofertas  culturales. Saludo&quot;\" \/><\/figure><\/div>\n","protected":false},"excerpt":{"rendered":"<p>La semana pasada anunciamos con alegr\u00eda que Sim\u00f3n, un estudiante procedente de Austria, ha comenzado sus pr\u00e1cticas docentes en nuestro centro escolar.Gracias a la Sociedad Hispano Alemana del Norte, que ha fungido como agente catalizador de esta nueva oportunidad, el centro ha iniciado una colaboraci\u00f3n con la Secci\u00f3n de Internacionalizaci\u00f3n de la Facultad de Ciencias [&hellip;]<\/p>\n","protected":false},"author":4,"featured_media":2889,"comment_status":"open","ping_status":"open","sticky":false,"template":"","format":"standard","meta":{"_genesis_hide_title":false,"_genesis_hide_breadcrumbs":false,"_genesis_hide_singular_image":false,"_genesis_hide_footer_widgets":false,"_genesis_custom_body_class":"","_genesis_custom_post_class":"","_genesis_layout":"","jetpack_post_was_ever_published":false,"_jetpack_newsletter_access":"","_jetpack_dont_email_post_to_subs":false,"_jetpack_newsletter_tier_id":0,"_jetpack_memberships_contains_paywalled_content":false,"footnotes":"","_jetpack_memberships_contains_paid_content":false,"jetpack_publicize_message":"","jetpack_publicize_feature_enabled":true,"jetpack_social_post_already_shared":false,"jetpack_social_options":{"image_generator_settings":{"template":"highway","enabled":false}}},"categories":[1],"tags":[],"jetpack_publicize_connections":[],"jetpack_featured_media_url":"https:\/\/cppaderborn.educacion.navarra.es\/web\/wp-content\/uploads\/2021\/03\/yUxk6OCj_400x400.jpg","jetpack_sharing_enabled":true,"jetpack_likes_enabled":true,"_links":{"self":[{"href":"https:\/\/cppaderborn.educacion.navarra.es\/web\/wp-json\/wp\/v2\/posts\/2883"}],"collection":[{"href":"https:\/\/cppaderborn.educacion.navarra.es\/web\/wp-json\/wp\/v2\/posts"}],"about":[{"href":"https:\/\/cppaderborn.educacion.navarra.es\/web\/wp-json\/wp\/v2\/types\/post"}],"author":[{"embeddable":true,"href":"https:\/\/cppaderborn.educacion.navarra.es\/web\/wp-json\/wp\/v2\/users\/4"}],"replies":[{"embeddable":true,"href":"https:\/\/cppaderborn.educacion.navarra.es\/web\/wp-json\/wp\/v2\/comments?post=2883"}],"version-history":[{"count":4,"href":"https:\/\/cppaderborn.educacion.navarra.es\/web\/wp-json\/wp\/v2\/posts\/2883\/revisions"}],"predecessor-version":[{"id":2891,"href":"https:\/\/cppaderborn.educacion.navarra.es\/web\/wp-json\/wp\/v2\/posts\/2883\/revisions\/2891"}],"wp:featuredmedia":[{"embeddable":true,"href":"https:\/\/cppaderborn.educacion.navarra.es\/web\/wp-json\/wp\/v2\/media\/2889"}],"wp:attachment":[{"href":"https:\/\/cppaderborn.educacion.navarra.es\/web\/wp-json\/wp\/v2\/media?parent=2883"}],"wp:term":[{"taxonomy":"category","embeddable":true,"href":"https:\/\/cppaderborn.educacion.navarra.es\/web\/wp-json\/wp\/v2\/categories?post=2883"},{"taxonomy":"post_tag","embeddable":true,"href":"https:\/\/cppaderborn.educacion.navarra.es\/web\/wp-json\/wp\/v2\/tags?post=2883"}],"curies":[{"name":"wp","href":"https:\/\/api.w.org\/{rel}","templated":true}]}}