{"id":2903,"date":"2021-04-19T10:38:00","date_gmt":"2021-04-19T08:38:00","guid":{"rendered":"http:\/\/cppaderborn.educacion.navarra.es\/web\/?p=2903"},"modified":"2021-04-17T20:39:41","modified_gmt":"2021-04-17T18:39:41","slug":"recordando-el-dia-del-libro-de-cursos-anteriores","status":"publish","type":"post","link":"https:\/\/cppaderborn.educacion.navarra.es\/web\/blog\/recordando-el-dia-del-libro-de-cursos-anteriores\/","title":{"rendered":"Recordando el D\u00eda del Libro de cursos anteriores"},"content":{"rendered":"\n<p>Esta semana celebramos el D\u00eda del Libro en el cole. Pr\u00f3ximamente publicaremos m\u00e1s informaci\u00f3n al respecto. Antes nos gustar\u00eda echar la vista atr\u00e1s y recordar algunas de las actividades que realizamos en cursos anteriores, como dos <em>Big books<\/em> que creamos.<\/p>\n\n\n\n<p>El <em>Big Book<\/em> \u00abNuestro Cuentos\u00bb se cre\u00f3 para el d\u00eda 23 de abril del 2014. Cada clase escogi\u00f3 un cuento y realiz\u00f3 una ilustraci\u00f3n o versi\u00f3n del mismo para hacer este megalibro. El libro se expuso en la biblioteca para que todas las clases lo pudieran ver. Adem\u00e1s se contaron cuentos entre los ni\u00f1os y ni\u00f1as de diferentes\u00a0ciclos.<\/p>\n\n\n\n<div style=\"text-align:center;\"><div style=\"margin:8px 0px 4px;\"><a href=\"https:\/\/www.calameo.com\/books\/006677534df9dde3da6f5\" target=\"_blank\" rel=\"noopener\">Bigbook Nuestros Cuentos<\/a><\/div><iframe src=\"\/\/v.calameo.com\/?bkcode=006677534df9dde3da6f5\" width=\"300\" height=\"194\" frameborder=\"0\" scrolling=\"no\" allowtransparency allowfullscreen style=\"margin:0 auto;\"><\/iframe><div style=\"margin:4px 0px 8px;\"><a href=\"http:\/\/www.calameo.com\/\">Publish at Calameo<\/a><\/div><\/div>\n\n\n\n<p>El de \u00abEl Quijote\u00bb se elabor\u00f3 para la fiesta del 23 de abril del 2016. <\/p>\n\n\n\n<div style=\"text-align:center;\"><div style=\"margin:8px 0px 4px;\"><a href=\"https:\/\/www.calameo.com\/books\/00667753487ff56d9b9ec\" target=\"_blank\" rel=\"noopener\">Bigbook Quijote<\/a><\/div><iframe src=\"\/\/v.calameo.com\/?bkcode=00667753487ff56d9b9ec\" width=\"300\" height=\"194\" frameborder=\"0\" scrolling=\"no\" allowtransparency allowfullscreen style=\"margin:0 auto;\"><\/iframe><div style=\"margin:4px 0px 8px;\"><a href=\"http:\/\/www.calameo.com\/\">Publish at Calameo<\/a><\/div><\/div>\n\n\n\n<p>Ese a\u00f1o se hizo una exposici\u00f3n en el parque del colegio con todos los trabajos que se hab\u00edan hecho en todas las clases. As\u00ed como\u00a0una danza medieval\u00a0en el patio. Luego tuvimos un rico almuerzo.\u00a0<\/p>\n\n\n","protected":false},"excerpt":{"rendered":"<p>Esta semana celebramos el D\u00eda del Libro en el cole. Pr\u00f3ximamente publicaremos m\u00e1s informaci\u00f3n al respecto. Antes nos gustar\u00eda echar la vista atr\u00e1s y recordar algunas de las actividades que realizamos en cursos anteriores, como dos Big books que creamos. El Big Book \u00abNuestro Cuentos\u00bb se cre\u00f3 para el d\u00eda 23 de abril del 2014. [&hellip;]<\/p>\n","protected":false},"author":3,"featured_media":2904,"comment_status":"open","ping_status":"open","sticky":false,"template":"","format":"standard","meta":{"_genesis_hide_title":false,"_genesis_hide_breadcrumbs":false,"_genesis_hide_singular_image":false,"_genesis_hide_footer_widgets":false,"_genesis_custom_body_class":"","_genesis_custom_post_class":"","_genesis_layout":"","jetpack_post_was_ever_published":false,"_jetpack_newsletter_access":"","_jetpack_dont_email_post_to_subs":false,"_jetpack_newsletter_tier_id":0,"_jetpack_memberships_contains_paywalled_content":false,"footnotes":"","_jetpack_memberships_contains_paid_content":false,"jetpack_publicize_message":"","jetpack_publicize_feature_enabled":true,"jetpack_social_post_already_shared":false,"jetpack_social_options":{"image_generator_settings":{"template":"highway","enabled":false}}},"categories":[11,1,62],"tags":[],"jetpack_publicize_connections":[],"jetpack_featured_media_url":"https:\/\/cppaderborn.educacion.navarra.es\/web\/wp-content\/uploads\/2021\/04\/dia_libro_2016_2.png","jetpack_sharing_enabled":true,"jetpack_likes_enabled":true,"_links":{"self":[{"href":"https:\/\/cppaderborn.educacion.navarra.es\/web\/wp-json\/wp\/v2\/posts\/2903"}],"collection":[{"href":"https:\/\/cppaderborn.educacion.navarra.es\/web\/wp-json\/wp\/v2\/posts"}],"about":[{"href":"https:\/\/cppaderborn.educacion.navarra.es\/web\/wp-json\/wp\/v2\/types\/post"}],"author":[{"embeddable":true,"href":"https:\/\/cppaderborn.educacion.navarra.es\/web\/wp-json\/wp\/v2\/users\/3"}],"replies":[{"embeddable":true,"href":"https:\/\/cppaderborn.educacion.navarra.es\/web\/wp-json\/wp\/v2\/comments?post=2903"}],"version-history":[{"count":2,"href":"https:\/\/cppaderborn.educacion.navarra.es\/web\/wp-json\/wp\/v2\/posts\/2903\/revisions"}],"predecessor-version":[{"id":2906,"href":"https:\/\/cppaderborn.educacion.navarra.es\/web\/wp-json\/wp\/v2\/posts\/2903\/revisions\/2906"}],"wp:featuredmedia":[{"embeddable":true,"href":"https:\/\/cppaderborn.educacion.navarra.es\/web\/wp-json\/wp\/v2\/media\/2904"}],"wp:attachment":[{"href":"https:\/\/cppaderborn.educacion.navarra.es\/web\/wp-json\/wp\/v2\/media?parent=2903"}],"wp:term":[{"taxonomy":"category","embeddable":true,"href":"https:\/\/cppaderborn.educacion.navarra.es\/web\/wp-json\/wp\/v2\/categories?post=2903"},{"taxonomy":"post_tag","embeddable":true,"href":"https:\/\/cppaderborn.educacion.navarra.es\/web\/wp-json\/wp\/v2\/tags?post=2903"}],"curies":[{"name":"wp","href":"https:\/\/api.w.org\/{rel}","templated":true}]}}