{"id":2907,"date":"2021-04-20T11:43:00","date_gmt":"2021-04-20T09:43:00","guid":{"rendered":"http:\/\/cppaderborn.educacion.navarra.es\/web\/?p=2907"},"modified":"2021-04-17T20:55:27","modified_gmt":"2021-04-17T18:55:27","slug":"dia-del-libro-2021","status":"publish","type":"post","link":"https:\/\/cppaderborn.educacion.navarra.es\/web\/blog\/dia-del-libro-2021\/","title":{"rendered":"D\u00eda del Libro 2021"},"content":{"rendered":"\n<p>Como ayer adelant\u00e1bamos, esta semana estamos celebrando el D\u00eda del Libro en la escuela. Cada clase est\u00e1 trabajando tres poemas (en castellano, en alem\u00e1n y en ingl\u00e9s) con los que se elaborar\u00e1 un nuevo <em>Big Book<\/em> o libro gigante. Una vez terminado se mostrar\u00e1 por las clases con todas las medidas de seguridad Covid y se publicar\u00e1 en esta p\u00e1gina web.<\/p>\n\n\n\n<p>El centro ha adquirido los siguientes ejemplares para seguir cultivando el h\u00e1bito lector en nuestro alumnado:<\/p>\n\n\n\n<figure class=\"wp-block-embed is-type-video is-provider-youtube wp-block-embed-youtube wp-embed-aspect-4-3 wp-has-aspect-ratio\"><div class=\"wp-block-embed__wrapper\">\n<iframe title=\"Novedades biblioteca Paderborn. Abril 2021\" width=\"500\" height=\"375\" src=\"https:\/\/www.youtube.com\/embed\/tDnnvHqR-dQ?feature=oembed\" frameborder=\"0\" allow=\"accelerometer; autoplay; clipboard-write; encrypted-media; gyroscope; picture-in-picture\" allowfullscreen><\/iframe>\n<\/div><\/figure>\n","protected":false},"excerpt":{"rendered":"<p>Como ayer adelant\u00e1bamos, esta semana estamos celebrando el D\u00eda del Libro en la escuela. Cada clase est\u00e1 trabajando tres poemas (en castellano, en alem\u00e1n y en ingl\u00e9s) con los que se elaborar\u00e1 un nuevo Big Book o libro gigante. Una vez terminado se mostrar\u00e1 por las clases con todas las medidas de seguridad Covid y [&hellip;]<\/p>\n","protected":false},"author":3,"featured_media":2909,"comment_status":"open","ping_status":"open","sticky":false,"template":"","format":"standard","meta":{"_genesis_hide_title":false,"_genesis_hide_breadcrumbs":false,"_genesis_hide_singular_image":false,"_genesis_hide_footer_widgets":false,"_genesis_custom_body_class":"","_genesis_custom_post_class":"","_genesis_layout":"","jetpack_post_was_ever_published":false,"_jetpack_newsletter_access":"","_jetpack_dont_email_post_to_subs":false,"_jetpack_newsletter_tier_id":0,"_jetpack_memberships_contains_paywalled_content":false,"footnotes":"","_jetpack_memberships_contains_paid_content":false,"jetpack_publicize_message":"","jetpack_publicize_feature_enabled":true,"jetpack_social_post_already_shared":false,"jetpack_social_options":{"image_generator_settings":{"template":"highway","enabled":false}}},"categories":[11,1,62],"tags":[],"jetpack_publicize_connections":[],"jetpack_featured_media_url":"https:\/\/cppaderborn.educacion.navarra.es\/web\/wp-content\/uploads\/2021\/04\/Novedades-biblioteca-abril-2021.jpg","jetpack_sharing_enabled":true,"jetpack_likes_enabled":true,"_links":{"self":[{"href":"https:\/\/cppaderborn.educacion.navarra.es\/web\/wp-json\/wp\/v2\/posts\/2907"}],"collection":[{"href":"https:\/\/cppaderborn.educacion.navarra.es\/web\/wp-json\/wp\/v2\/posts"}],"about":[{"href":"https:\/\/cppaderborn.educacion.navarra.es\/web\/wp-json\/wp\/v2\/types\/post"}],"author":[{"embeddable":true,"href":"https:\/\/cppaderborn.educacion.navarra.es\/web\/wp-json\/wp\/v2\/users\/3"}],"replies":[{"embeddable":true,"href":"https:\/\/cppaderborn.educacion.navarra.es\/web\/wp-json\/wp\/v2\/comments?post=2907"}],"version-history":[{"count":2,"href":"https:\/\/cppaderborn.educacion.navarra.es\/web\/wp-json\/wp\/v2\/posts\/2907\/revisions"}],"predecessor-version":[{"id":2910,"href":"https:\/\/cppaderborn.educacion.navarra.es\/web\/wp-json\/wp\/v2\/posts\/2907\/revisions\/2910"}],"wp:featuredmedia":[{"embeddable":true,"href":"https:\/\/cppaderborn.educacion.navarra.es\/web\/wp-json\/wp\/v2\/media\/2909"}],"wp:attachment":[{"href":"https:\/\/cppaderborn.educacion.navarra.es\/web\/wp-json\/wp\/v2\/media?parent=2907"}],"wp:term":[{"taxonomy":"category","embeddable":true,"href":"https:\/\/cppaderborn.educacion.navarra.es\/web\/wp-json\/wp\/v2\/categories?post=2907"},{"taxonomy":"post_tag","embeddable":true,"href":"https:\/\/cppaderborn.educacion.navarra.es\/web\/wp-json\/wp\/v2\/tags?post=2907"}],"curies":[{"name":"wp","href":"https:\/\/api.w.org\/{rel}","templated":true}]}}