{"id":2921,"date":"2021-04-22T12:24:00","date_gmt":"2021-04-22T10:24:00","guid":{"rendered":"http:\/\/cppaderborn.educacion.navarra.es\/web\/?p=2921"},"modified":"2021-04-23T18:47:20","modified_gmt":"2021-04-23T16:47:20","slug":"teatro-de-sombras-la-pequena-oruga-glotona","status":"publish","type":"post","link":"https:\/\/cppaderborn.educacion.navarra.es\/web\/blog\/teatro-de-sombras-la-pequena-oruga-glotona\/","title":{"rendered":"Teatro de sombras: \u00abLa peque\u00f1a oruga glotona\u00bb"},"content":{"rendered":"\n<p><strong><em>Art\u00edculo de Ana Mar\u00eda Palomo.<\/em><\/strong><\/p>\n\n\n\n<p>El alumnado de 4 a\u00f1os de Educaci\u00f3n Infantil\u00a0 han estado trabajando el cuento de la peque\u00f1a oruga glotona en los tres idiomas. Es un cuento que siempre les encanta\u00a0 a las ni\u00f1as y ni\u00f1os de cualquier edad adem\u00e1s,\u00a0se pueden aprender muchas cosas como los d\u00edas de la semana, el paso <strong>del<\/strong> tiempo y la<strong> realizaci\u00f3n del <\/strong>\u00a0conteo, las\u00a0cantidades y los conceptos de poco, mucho, grande, <strong>peque\u00f1o<\/strong>, alimentaci\u00f3n saludable y poco saludable, etc.<\/p>\n\n\n\n<div class=\"wp-block-image\"><figure class=\"aligncenter size-large is-resized\"><a href=\"https:\/\/cppaderborn.educacion.navarra.es\/web\/wp-content\/uploads\/2021\/04\/entrada_teatro_sombras.jpg\"><img fetchpriority=\"high\" decoding=\"async\" src=\"https:\/\/cppaderborn.educacion.navarra.es\/web\/wp-content\/uploads\/2021\/04\/entrada_teatro_sombras.jpg\" alt=\"\" class=\"wp-image-2929\" width=\"486\" height=\"250\" srcset=\"https:\/\/cppaderborn.educacion.navarra.es\/web\/wp-content\/uploads\/2021\/04\/entrada_teatro_sombras.jpg 772w, https:\/\/cppaderborn.educacion.navarra.es\/web\/wp-content\/uploads\/2021\/04\/entrada_teatro_sombras-300x154.jpg 300w, https:\/\/cppaderborn.educacion.navarra.es\/web\/wp-content\/uploads\/2021\/04\/entrada_teatro_sombras-768x395.jpg 768w, https:\/\/cppaderborn.educacion.navarra.es\/web\/wp-content\/uploads\/2021\/04\/entrada_teatro_sombras-348x180.jpg 348w\" sizes=\"(max-width: 486px) 100vw, 486px\" \/><\/a><figcaption>Entrada para el teatro.<\/figcaption><\/figure><\/div>\n\n\n\n<p>Se han realizado numerosas actividades y muy variadas entre ellas la llegada del <strong>Teatro de sombras<\/strong> a las aulas. Despu\u00e9s de la representaci\u00f3n del teatro las ni\u00f1as y los ni\u00f1os han tenido la oportunidad de poder experimentar con sus manos y con las marionetas jugando con las luces y las sombras. El teatro de sombras\u00a0 se ha ido representando por las diferentes clases de toda la etapa de Educaci\u00f3n Infantil.\u00a0La llegada de la peque\u00f1a oruga glotona significa la llegada de la primavera a nuestro colegio y la transformaci\u00f3n de la peque\u00f1a oruga en hermosa mariposa. \u00a1Bienvenidos al teatro de sombras no olvid\u00e9is traer vuestra entrada!<\/p>\n\n\n","protected":false},"excerpt":{"rendered":"<p>Art\u00edculo de Ana Mar\u00eda Palomo. El alumnado de 4 a\u00f1os de Educaci\u00f3n Infantil\u00a0 han estado trabajando el cuento de la peque\u00f1a oruga glotona en los tres idiomas. Es un cuento que siempre les encanta\u00a0 a las ni\u00f1as y ni\u00f1os de cualquier edad adem\u00e1s,\u00a0se pueden aprender muchas cosas como los d\u00edas de la semana, el paso [&hellip;]<\/p>\n","protected":false},"author":3,"featured_media":2929,"comment_status":"open","ping_status":"open","sticky":false,"template":"","format":"standard","meta":{"_genesis_hide_title":false,"_genesis_hide_breadcrumbs":false,"_genesis_hide_singular_image":false,"_genesis_hide_footer_widgets":false,"_genesis_custom_body_class":"","_genesis_custom_post_class":"","_genesis_layout":"","jetpack_post_was_ever_published":false,"_jetpack_newsletter_access":"","_jetpack_dont_email_post_to_subs":false,"_jetpack_newsletter_tier_id":0,"_jetpack_memberships_contains_paywalled_content":false,"footnotes":"","_jetpack_memberships_contains_paid_content":false,"jetpack_publicize_message":"","jetpack_publicize_feature_enabled":true,"jetpack_social_post_already_shared":false,"jetpack_social_options":{"image_generator_settings":{"template":"highway","enabled":false}}},"categories":[11,17,1],"tags":[],"jetpack_publicize_connections":[],"jetpack_featured_media_url":"https:\/\/cppaderborn.educacion.navarra.es\/web\/wp-content\/uploads\/2021\/04\/entrada_teatro_sombras.jpg","jetpack_sharing_enabled":true,"jetpack_likes_enabled":true,"_links":{"self":[{"href":"https:\/\/cppaderborn.educacion.navarra.es\/web\/wp-json\/wp\/v2\/posts\/2921"}],"collection":[{"href":"https:\/\/cppaderborn.educacion.navarra.es\/web\/wp-json\/wp\/v2\/posts"}],"about":[{"href":"https:\/\/cppaderborn.educacion.navarra.es\/web\/wp-json\/wp\/v2\/types\/post"}],"author":[{"embeddable":true,"href":"https:\/\/cppaderborn.educacion.navarra.es\/web\/wp-json\/wp\/v2\/users\/3"}],"replies":[{"embeddable":true,"href":"https:\/\/cppaderborn.educacion.navarra.es\/web\/wp-json\/wp\/v2\/comments?post=2921"}],"version-history":[{"count":2,"href":"https:\/\/cppaderborn.educacion.navarra.es\/web\/wp-json\/wp\/v2\/posts\/2921\/revisions"}],"predecessor-version":[{"id":2930,"href":"https:\/\/cppaderborn.educacion.navarra.es\/web\/wp-json\/wp\/v2\/posts\/2921\/revisions\/2930"}],"wp:featuredmedia":[{"embeddable":true,"href":"https:\/\/cppaderborn.educacion.navarra.es\/web\/wp-json\/wp\/v2\/media\/2929"}],"wp:attachment":[{"href":"https:\/\/cppaderborn.educacion.navarra.es\/web\/wp-json\/wp\/v2\/media?parent=2921"}],"wp:term":[{"taxonomy":"category","embeddable":true,"href":"https:\/\/cppaderborn.educacion.navarra.es\/web\/wp-json\/wp\/v2\/categories?post=2921"},{"taxonomy":"post_tag","embeddable":true,"href":"https:\/\/cppaderborn.educacion.navarra.es\/web\/wp-json\/wp\/v2\/tags?post=2921"}],"curies":[{"name":"wp","href":"https:\/\/api.w.org\/{rel}","templated":true}]}}