{"id":2935,"date":"2021-04-28T10:24:00","date_gmt":"2021-04-28T08:24:00","guid":{"rendered":"http:\/\/cppaderborn.educacion.navarra.es\/web\/?p=2935"},"modified":"2021-04-28T09:07:36","modified_gmt":"2021-04-28T07:07:36","slug":"celebramos-la-same","status":"publish","type":"post","link":"https:\/\/cppaderborn.educacion.navarra.es\/web\/blog\/celebramos-la-same\/","title":{"rendered":"Celebramos la SAME"},"content":{"rendered":"\n<p><strong>Art\u00edculo de Sara Bea, tutora de 1\u00ba B.<\/strong><\/p>\n\n\n\n<p>Esta Semana celebramos la <a rel=\"noreferrer noopener\" href=\"https:\/\/cme-espana.org\/\" target=\"_blank\">SAME<\/a>, la Semana de Acci\u00f3n Mundial por la Educaci\u00f3n, por tercer a\u00f1o consecutivo\u00a0en el Colegio Paderborn-V\u00edctor Pradera junto a\u00a0otros muchos centros educativos de\u00a0Navarra y de m\u00e1s de 124 pa\u00edses. Se trata de una Semana en la que reflexionar sobre el objetivo de desarrollo sostenible n\u00famero 4, que se refiere al derecho a una educaci\u00f3n de calidad, equitativa e inclusiva para todas las personas. El pr\u00f3ximo viernes 30 de abril formaremos parte de un acto p\u00fablico\u00a0junto a otros centros para reivindicar este derecho en el Parlamento de Navarra a toda nuestra clase pol\u00edtica, de forma que nos escuchen, que escuchen\u00a0a las Mil millones de Voces, que es como se llama el lema de este a\u00f1o. <\/p>\n\n\n\n\n\n<p>Os mantendremos informadas de nuestro trabajo.<\/p>\n\n\n\n<p>M\u00e1s informaci\u00f3n: <a href=\"https:\/\/cme-espana.org\/\" target=\"_blank\" rel=\"noreferrer noopener\">https:\/\/cme-espana.org\/ <\/a><\/p>\n","protected":false},"excerpt":{"rendered":"<p>Art\u00edculo de Sara Bea, tutora de 1\u00ba B. Esta Semana celebramos la SAME, la Semana de Acci\u00f3n Mundial por la Educaci\u00f3n, por tercer a\u00f1o consecutivo\u00a0en el Colegio Paderborn-V\u00edctor Pradera junto a\u00a0otros muchos centros educativos de\u00a0Navarra y de m\u00e1s de 124 pa\u00edses. Se trata de una Semana en la que reflexionar sobre el objetivo de desarrollo [&hellip;]<\/p>\n","protected":false},"author":3,"featured_media":2936,"comment_status":"open","ping_status":"open","sticky":false,"template":"","format":"standard","meta":{"_genesis_hide_title":false,"_genesis_hide_breadcrumbs":false,"_genesis_hide_singular_image":false,"_genesis_hide_footer_widgets":false,"_genesis_custom_body_class":"","_genesis_custom_post_class":"","_genesis_layout":"","jetpack_post_was_ever_published":false,"_jetpack_newsletter_access":"","_jetpack_dont_email_post_to_subs":false,"_jetpack_newsletter_tier_id":0,"_jetpack_memberships_contains_paywalled_content":false,"footnotes":"","_jetpack_memberships_contains_paid_content":false,"jetpack_publicize_message":"","jetpack_publicize_feature_enabled":true,"jetpack_social_post_already_shared":false,"jetpack_social_options":{"image_generator_settings":{"template":"highway","enabled":false}}},"categories":[11,1,62],"tags":[],"jetpack_publicize_connections":[],"jetpack_featured_media_url":"https:\/\/cppaderborn.educacion.navarra.es\/web\/wp-content\/uploads\/2021\/04\/same-logo-milmillonesdevoces-xl.png","jetpack_sharing_enabled":true,"jetpack_likes_enabled":true,"_links":{"self":[{"href":"https:\/\/cppaderborn.educacion.navarra.es\/web\/wp-json\/wp\/v2\/posts\/2935"}],"collection":[{"href":"https:\/\/cppaderborn.educacion.navarra.es\/web\/wp-json\/wp\/v2\/posts"}],"about":[{"href":"https:\/\/cppaderborn.educacion.navarra.es\/web\/wp-json\/wp\/v2\/types\/post"}],"author":[{"embeddable":true,"href":"https:\/\/cppaderborn.educacion.navarra.es\/web\/wp-json\/wp\/v2\/users\/3"}],"replies":[{"embeddable":true,"href":"https:\/\/cppaderborn.educacion.navarra.es\/web\/wp-json\/wp\/v2\/comments?post=2935"}],"version-history":[{"count":2,"href":"https:\/\/cppaderborn.educacion.navarra.es\/web\/wp-json\/wp\/v2\/posts\/2935\/revisions"}],"predecessor-version":[{"id":2939,"href":"https:\/\/cppaderborn.educacion.navarra.es\/web\/wp-json\/wp\/v2\/posts\/2935\/revisions\/2939"}],"wp:featuredmedia":[{"embeddable":true,"href":"https:\/\/cppaderborn.educacion.navarra.es\/web\/wp-json\/wp\/v2\/media\/2936"}],"wp:attachment":[{"href":"https:\/\/cppaderborn.educacion.navarra.es\/web\/wp-json\/wp\/v2\/media?parent=2935"}],"wp:term":[{"taxonomy":"category","embeddable":true,"href":"https:\/\/cppaderborn.educacion.navarra.es\/web\/wp-json\/wp\/v2\/categories?post=2935"},{"taxonomy":"post_tag","embeddable":true,"href":"https:\/\/cppaderborn.educacion.navarra.es\/web\/wp-json\/wp\/v2\/tags?post=2935"}],"curies":[{"name":"wp","href":"https:\/\/api.w.org\/{rel}","templated":true}]}}