{"id":2944,"date":"2021-05-03T11:17:50","date_gmt":"2021-05-03T09:17:50","guid":{"rendered":"http:\/\/cppaderborn.educacion.navarra.es\/web\/?p=2944"},"modified":"2021-05-06T14:15:12","modified_gmt":"2021-05-06T12:15:12","slug":"prematricula-curso-2021-2022-del-17-al-21-de-mayo","status":"publish","type":"post","link":"https:\/\/cppaderborn.educacion.navarra.es\/web\/blog\/prematricula-curso-2021-2022-del-17-al-21-de-mayo\/","title":{"rendered":"Prematr\u00edcula curso 2021-2022: del 17 al 21 de mayo"},"content":{"rendered":"\n<p>El periodo de preinscripci\u00f3n en el segundo ciclo de Infantil y Primaria se llevar\u00e1 a cabo entre los d\u00edas lunes 17 y viernes 21 de mayo. <\/p>\n\n\n\n<p>La presentaci\u00f3n de solicitudes se realizar\u00e1 preferentemente por Internet a trav\u00e9s de la aplicaci\u00f3n web que el Departamento de Educaci\u00f3n ha desarrollado al efecto. Aqu\u00ed tienen una p\u00e1gina web con toda la informaci\u00f3n al respecto:<\/p>\n\n\n\n<p><a href=\"https:\/\/preinscripcion.navarra.es\/es\/inicio\">https:\/\/preinscripcion.navarra.es\/es\/inicio<\/a><\/p>\n\n\n\n<p><a rel=\"noreferrer noopener\" href=\"https:\/\/www.navarra.es\/es\/noticias\/2021\/04\/30\/-manana-empieza-hoy-es-el-lema-elegido-este-ano-por-educacion-para-animar-a-la-inscripcion-del-alumnado-en-la-red-educativa-publica-de-navarra\" target=\"_blank\">Aqu\u00ed m\u00e1s informaci\u00f3n<\/a><\/p>\n\n\n\n<figure class=\"wp-block-image size-large\"><a href=\"https:\/\/www.navarra.es\/es\/noticias\/2021\/04\/30\/-manana-empieza-hoy-es-el-lema-elegido-este-ano-por-educacion-para-animar-a-la-inscripcion-del-alumnado-en-la-red-educativa-publica-de-navarra\" target=\"_blank\" rel=\"noopener\"><img fetchpriority=\"high\" decoding=\"async\" width=\"724\" height=\"1024\" src=\"https:\/\/cppaderborn.educacion.navarra.es\/web\/wp-content\/uploads\/2021\/05\/manana-empieza-hoy-724x1024.jpg\" alt=\"\" class=\"wp-image-2945\" srcset=\"https:\/\/cppaderborn.educacion.navarra.es\/web\/wp-content\/uploads\/2021\/05\/manana-empieza-hoy-724x1024.jpg 724w, https:\/\/cppaderborn.educacion.navarra.es\/web\/wp-content\/uploads\/2021\/05\/manana-empieza-hoy-212x300.jpg 212w, https:\/\/cppaderborn.educacion.navarra.es\/web\/wp-content\/uploads\/2021\/05\/manana-empieza-hoy-768x1086.jpg 768w, https:\/\/cppaderborn.educacion.navarra.es\/web\/wp-content\/uploads\/2021\/05\/manana-empieza-hoy-1086x1536.jpg 1086w, https:\/\/cppaderborn.educacion.navarra.es\/web\/wp-content\/uploads\/2021\/05\/manana-empieza-hoy-1448x2048.jpg 1448w, https:\/\/cppaderborn.educacion.navarra.es\/web\/wp-content\/uploads\/2021\/05\/manana-empieza-hoy.jpg 1754w\" sizes=\"(max-width: 724px) 100vw, 724px\" \/><\/a><\/figure>\n\n\n\n<h2 class=\"wp-block-heading\">Presentaci\u00f3n Puertas Abiertas<\/h2>\n\n\n\n<figure class=\"wp-block-image size-large\"><a href=\"https:\/\/view.genial.ly\/5fd879803c971e0d65989f73\/presentation-puertas-abiertas-paderborn\" target=\"_blank\" rel=\"noopener\"><img decoding=\"async\" width=\"1024\" height=\"487\" src=\"https:\/\/cppaderborn.educacion.navarra.es\/web\/wp-content\/uploads\/2020\/12\/presentacion_puertas_abiertas_2020-1024x487.jpg\" alt=\"\" class=\"wp-image-2712\" srcset=\"https:\/\/cppaderborn.educacion.navarra.es\/web\/wp-content\/uploads\/2020\/12\/presentacion_puertas_abiertas_2020-1024x487.jpg 1024w, https:\/\/cppaderborn.educacion.navarra.es\/web\/wp-content\/uploads\/2020\/12\/presentacion_puertas_abiertas_2020-300x143.jpg 300w, https:\/\/cppaderborn.educacion.navarra.es\/web\/wp-content\/uploads\/2020\/12\/presentacion_puertas_abiertas_2020-768x366.jpg 768w, https:\/\/cppaderborn.educacion.navarra.es\/web\/wp-content\/uploads\/2020\/12\/presentacion_puertas_abiertas_2020-1536x731.jpg 1536w, https:\/\/cppaderborn.educacion.navarra.es\/web\/wp-content\/uploads\/2020\/12\/presentacion_puertas_abiertas_2020.jpg 1588w\" sizes=\"(max-width: 1024px) 100vw, 1024px\" \/><\/a><\/figure>\n\n\n\n<h2 class=\"wp-block-heading\">V\u00eddeo promocional del centro<\/h2>\n\n\n\n<figure class=\"wp-block-embed is-type-video is-provider-youtube wp-block-embed-youtube wp-embed-aspect-16-9 wp-has-aspect-ratio\"><div class=\"wp-block-embed__wrapper\">\n<iframe title=\"V\u00eddeo promocional Paderborn 2020-21\" width=\"500\" height=\"281\" src=\"https:\/\/www.youtube.com\/embed\/ofYHs_bBlEg?feature=oembed\" frameborder=\"0\" allow=\"accelerometer; autoplay; clipboard-write; encrypted-media; gyroscope; picture-in-picture\" allowfullscreen><\/iframe>\n<\/div><\/figure>\n\n\n\n<p><a href=\"https:\/\/cppaderborn.educacion.navarra.es\/web\/jornadas-de-puertas-abiertas\/\" target=\"_blank\" rel=\"noreferrer noopener\">M\u00e1s informaci\u00f3n sobre nuestro centro y la prematr\u00edcula<\/a><\/p>\n\n\n\n<h2 class=\"wp-block-heading\">\u00bfLezkairu?<\/h2>\n\n\n\n<p>Las obras del nuevo colegio en el barrio de Pamplona est\u00e1n previstas que terminen para finales del a\u00f1o 2022. Se prev\u00e9 que entre en funcionamiento ese mismo curso 2022-2023 y que se escolarice al alumnado de nuestro centro.<\/p>\n\n\n\n<p><strong>Noticias relacionadas:<\/strong><\/p>\n\n\n\n<figure class=\"wp-block-embed is-type-wp-embed is-provider-apyma-paderborn wp-block-embed-apyma-paderborn\"><div class=\"wp-block-embed__wrapper\">\n<blockquote class=\"wp-embedded-content\" data-secret=\"hJN2GlHYeI\"><a href=\"https:\/\/www.apymapaderborn.com\/2021\/04\/30\/educacion-adjudica-las-obras-del-colegio-publico-lezkairu\/\">EDUCACI\u00d3N ADJUDICA LAS OBRAS DEL COLEGIO P\u00daBLICO LEZKAIRU<\/a><\/blockquote><iframe class=\"wp-embedded-content\" sandbox=\"allow-scripts\" security=\"restricted\" style=\"position: absolute; clip: rect(1px, 1px, 1px, 1px);\" title=\"&#171;EDUCACI\u00d3N ADJUDICA LAS OBRAS DEL COLEGIO P\u00daBLICO LEZKAIRU&#187; &#8212; APYMA PADERBORN\" src=\"https:\/\/www.apymapaderborn.com\/2021\/04\/30\/educacion-adjudica-las-obras-del-colegio-publico-lezkairu\/embed\/#?secret=hJN2GlHYeI\" data-secret=\"hJN2GlHYeI\" width=\"500\" height=\"282\" frameborder=\"0\" marginwidth=\"0\" marginheight=\"0\" scrolling=\"no\"><\/iframe>\n<\/div><\/figure>\n\n\n\n<p><a href=\"https:\/\/www.navarra.es\/es\/noticias\/2021\/02\/05\/el-departamento-de-educacion-y-el-ayuntamiento-de-pamplona-firman-el-convenio-para-la-construccion-del-nuevo-colegio-de-lezkairu\">https:\/\/www.navarra.es\/es\/noticias\/2021\/02\/05\/el-departamento-de-educacion-y-el-ayuntamiento-de-pamplona-firman-el-convenio-para-la-construccion-del-nuevo-colegio-de-lezkairu<\/a><\/p>\n\n\n\n<p><a href=\"https:\/\/barriolezkairu.com\/tag\/colegio-paderborn-lezkairu\/\">https:\/\/barriolezkairu.com\/tag\/colegio-paderborn-lezkairu\/<\/a><\/p>\n\n\n\n<figure class=\"wp-block-embed is-type-wp-embed is-provider-apyma-paderborn wp-block-embed-apyma-paderborn\"><div class=\"wp-block-embed__wrapper\">\n<blockquote class=\"wp-embedded-content\" data-secret=\"2RGkD9JX3U\"><a href=\"https:\/\/www.apymapaderborn.com\/2020\/12\/11\/nuevo-centro-para-el-colegio-publico-paderborn-en-el-soto-de-lezkairu\/\">Nuevo Centro para el Colegio P\u00fablico Paderborn en el Soto de Lezkairu<\/a><\/blockquote><iframe class=\"wp-embedded-content\" sandbox=\"allow-scripts\" security=\"restricted\" style=\"position: absolute; clip: rect(1px, 1px, 1px, 1px);\" title=\"&#171;Nuevo Centro para el Colegio P\u00fablico Paderborn en el Soto de Lezkairu&#187; &#8212; APYMA PADERBORN\" src=\"https:\/\/www.apymapaderborn.com\/2020\/12\/11\/nuevo-centro-para-el-colegio-publico-paderborn-en-el-soto-de-lezkairu\/embed\/#?secret=2RGkD9JX3U\" data-secret=\"2RGkD9JX3U\" width=\"500\" height=\"282\" frameborder=\"0\" marginwidth=\"0\" marginheight=\"0\" scrolling=\"no\"><\/iframe>\n<\/div><\/figure>\n\n\n\n<p><\/p>\n","protected":false},"excerpt":{"rendered":"<p>El periodo de preinscripci\u00f3n en el segundo ciclo de Infantil y Primaria se llevar\u00e1 a cabo entre los d\u00edas lunes 17 y viernes 21 de mayo. La presentaci\u00f3n de solicitudes se realizar\u00e1 preferentemente por Internet a trav\u00e9s de la aplicaci\u00f3n web que el Departamento de Educaci\u00f3n ha desarrollado al efecto. Aqu\u00ed tienen una p\u00e1gina web [&hellip;]<\/p>\n","protected":false},"author":3,"featured_media":2948,"comment_status":"open","ping_status":"open","sticky":false,"template":"","format":"standard","meta":{"_genesis_hide_title":false,"_genesis_hide_breadcrumbs":false,"_genesis_hide_singular_image":false,"_genesis_hide_footer_widgets":false,"_genesis_custom_body_class":"","_genesis_custom_post_class":"","_genesis_layout":"","jetpack_post_was_ever_published":false,"_jetpack_newsletter_access":"","_jetpack_dont_email_post_to_subs":false,"_jetpack_newsletter_tier_id":0,"_jetpack_memberships_contains_paywalled_content":false,"footnotes":"","_jetpack_memberships_contains_paid_content":false,"jetpack_publicize_message":"","jetpack_publicize_feature_enabled":true,"jetpack_social_post_already_shared":false,"jetpack_social_options":{"image_generator_settings":{"template":"highway","enabled":false}}},"categories":[1,62],"tags":[],"jetpack_publicize_connections":[],"jetpack_featured_media_url":"https:\/\/cppaderborn.educacion.navarra.es\/web\/wp-content\/uploads\/2021\/05\/manana-empieza-hoy-prematricula2.jpg","jetpack_sharing_enabled":true,"jetpack_likes_enabled":true,"_links":{"self":[{"href":"https:\/\/cppaderborn.educacion.navarra.es\/web\/wp-json\/wp\/v2\/posts\/2944"}],"collection":[{"href":"https:\/\/cppaderborn.educacion.navarra.es\/web\/wp-json\/wp\/v2\/posts"}],"about":[{"href":"https:\/\/cppaderborn.educacion.navarra.es\/web\/wp-json\/wp\/v2\/types\/post"}],"author":[{"embeddable":true,"href":"https:\/\/cppaderborn.educacion.navarra.es\/web\/wp-json\/wp\/v2\/users\/3"}],"replies":[{"embeddable":true,"href":"https:\/\/cppaderborn.educacion.navarra.es\/web\/wp-json\/wp\/v2\/comments?post=2944"}],"version-history":[{"count":5,"href":"https:\/\/cppaderborn.educacion.navarra.es\/web\/wp-json\/wp\/v2\/posts\/2944\/revisions"}],"predecessor-version":[{"id":2962,"href":"https:\/\/cppaderborn.educacion.navarra.es\/web\/wp-json\/wp\/v2\/posts\/2944\/revisions\/2962"}],"wp:featuredmedia":[{"embeddable":true,"href":"https:\/\/cppaderborn.educacion.navarra.es\/web\/wp-json\/wp\/v2\/media\/2948"}],"wp:attachment":[{"href":"https:\/\/cppaderborn.educacion.navarra.es\/web\/wp-json\/wp\/v2\/media?parent=2944"}],"wp:term":[{"taxonomy":"category","embeddable":true,"href":"https:\/\/cppaderborn.educacion.navarra.es\/web\/wp-json\/wp\/v2\/categories?post=2944"},{"taxonomy":"post_tag","embeddable":true,"href":"https:\/\/cppaderborn.educacion.navarra.es\/web\/wp-json\/wp\/v2\/tags?post=2944"}],"curies":[{"name":"wp","href":"https:\/\/api.w.org\/{rel}","templated":true}]}}