{"id":2979,"date":"2021-05-17T09:20:26","date_gmt":"2021-05-17T07:20:26","guid":{"rendered":"https:\/\/cppaderborn.educacion.navarra.es\/web\/?p=2979"},"modified":"2021-05-19T09:18:37","modified_gmt":"2021-05-19T07:18:37","slug":"comienza-la-prematricula-del-curso-2021-2022-os-esperamos","status":"publish","type":"post","link":"https:\/\/cppaderborn.educacion.navarra.es\/web\/blog\/comienza-la-prematricula-del-curso-2021-2022-os-esperamos\/","title":{"rendered":"Comienza la prematr\u00edcula del curso 2021-2022. \u00a1Os esperamos!"},"content":{"rendered":"\n<p><strong>El periodo de preinscripci\u00f3n en el segundo ciclo de Infantil y Primaria comienza hoy, lunes d\u00eda 17 de mayo, y terminar\u00e1 el pr\u00f3ximo viernes d\u00eda 21. <\/strong>La presentaci\u00f3n de solicitudes ser\u00e1 <strong>preferentemente de forma telem\u00e1tica <\/strong>a trav\u00e9s del Portal Educa pero tambi\u00e9n se puede realizar <strong>presencial<\/strong>. Para tal fin, atenderemos en el centro de <strong>9:00 a 14:00 horas<\/strong>. La <strong>documentaci\u00f3n <\/strong>necesaria la tienen <a href=\"https:\/\/preinscripcion.navarra.es\/es\/documentacion\" target=\"_blank\" rel=\"noreferrer noopener\">enumerada aqu\u00ed<\/a>. La documentaci\u00f3n obligatoria es:<\/p>\n\n\n\n<ul><li><a href=\"https:\/\/www.navarra.es\/documents\/48192\/7396254\/Solicitud+EDUCACION+INFANTIL+PRIMARIA+PLAZO+ORDINARIO+21-22+%285%29.pdf\/399df0b4-c5f3-b4d0-3869-4ec1cae3b440?t=1621332364840\" target=\"_blank\" rel=\"noreferrer noopener\">Solicitud de admisi\u00f3n<\/a><\/li><li>Copia del libro de familia o cualquier otro medio v\u00e1lido en derecho que acredite el v\u00ednculo familiar<\/li><li>Copia del volante o certificado de empadronamiento en el que figuren empadronados el alumno o alumna y, al menos, uno de sus progenitores o tutores legales<\/li><\/ul>\n\n\n\n<p>Para realizar la solicitud de forma telem\u00e1tica, por Internet, deben seguir los <a rel=\"noreferrer noopener\" href=\"https:\/\/docs.google.com\/document\/d\/e\/2PACX-1vTfpHEv5dN65tC_NLUUjG43h0W_mfQS6NohmBjEnIaRfFM5vp3KB8PNfrBvX-emAVfjCY5eKcM0PW1O\/pub\" target=\"_blank\">siguientes pasos<\/a>. Aqu\u00ed tienen una captura del apartado <strong>Admisi\u00f3n &gt; Preinscripciones<\/strong> donde se realiza la solicitud. <\/p>\n\n\n\n<figure class=\"wp-block-image size-large\"><a href=\"https:\/\/cppaderborn.educacion.navarra.es\/web\/wp-content\/uploads\/2021\/05\/preinscripciones_educa2.jpg\"><img fetchpriority=\"high\" decoding=\"async\" width=\"1024\" height=\"344\" src=\"https:\/\/cppaderborn.educacion.navarra.es\/web\/wp-content\/uploads\/2021\/05\/preinscripciones_educa2-1024x344.jpg\" alt=\"\" class=\"wp-image-2980\" srcset=\"https:\/\/cppaderborn.educacion.navarra.es\/web\/wp-content\/uploads\/2021\/05\/preinscripciones_educa2-1024x344.jpg 1024w, https:\/\/cppaderborn.educacion.navarra.es\/web\/wp-content\/uploads\/2021\/05\/preinscripciones_educa2-300x101.jpg 300w, https:\/\/cppaderborn.educacion.navarra.es\/web\/wp-content\/uploads\/2021\/05\/preinscripciones_educa2-768x258.jpg 768w, https:\/\/cppaderborn.educacion.navarra.es\/web\/wp-content\/uploads\/2021\/05\/preinscripciones_educa2.jpg 1027w\" sizes=\"(max-width: 1024px) 100vw, 1024px\" \/><\/a><\/figure>\n\n\n\n<p>Antes hay que iniciar sesi\u00f3n en Educa. <a rel=\"noreferrer noopener\" href=\"https:\/\/www.google.com\/url?q=https:\/\/drive.google.com\/open?id%3D1djhfQZcppzJlTcCdEjpmiwF-netPRZKc&amp;sa=D&amp;source=editors&amp;ust=1621238939101000&amp;usg=AOvVaw1_PElsuyMRJ3ugYfUZWMhs\" target=\"_blank\">Aqu\u00ed se explica c\u00f3mo hacerlo<\/a>.<\/p>\n\n\n\n<p>El pasado viernes se realiz\u00f3 el sorteo p\u00fablico para casos de desempate que pueden consultar <a rel=\"noreferrer noopener\" href=\"https:\/\/youtu.be\/WcqUd_Msg94\" target=\"_blank\">aqu\u00ed<\/a>. Los listados provisionales de admitidos y admitidas se publicar\u00e1n el 10 de junio. El plazo de reclamaciones ser\u00e1 del 11 al 15 de junio. Los listados definitivos los tendremos para el 18 de junio. Finalmente, el plazo de matriculaci\u00f3n ser\u00e1 del 21 al 25 de junio hasta las 14:00 horas.<\/p>\n\n\n\n<p>Recuerden que en esta web tienen toda la informaci\u00f3n: <a href=\"https:\/\/preinscripcion.navarra.es\/es\/inicio\" target=\"_blank\" rel=\"noreferrer noopener\">https:\/\/preinscripcion.navarra.es\/es\/inicio<\/a><\/p>\n\n\n\n<figure class=\"wp-block-image size-large\"><a href=\"https:\/\/www.navarra.es\/es\/noticias\/2021\/04\/30\/-manana-empieza-hoy-es-el-lema-elegido-este-ano-por-educacion-para-animar-a-la-inscripcion-del-alumnado-en-la-red-educativa-publica-de-navarra\" target=\"_blank\" rel=\"noopener\"><img decoding=\"async\" width=\"724\" height=\"1024\" src=\"https:\/\/cppaderborn.educacion.navarra.es\/web\/wp-content\/uploads\/2021\/05\/manana-empieza-hoy-724x1024.jpg\" alt=\"\" class=\"wp-image-2945\" srcset=\"https:\/\/cppaderborn.educacion.navarra.es\/web\/wp-content\/uploads\/2021\/05\/manana-empieza-hoy-724x1024.jpg 724w, https:\/\/cppaderborn.educacion.navarra.es\/web\/wp-content\/uploads\/2021\/05\/manana-empieza-hoy-212x300.jpg 212w, https:\/\/cppaderborn.educacion.navarra.es\/web\/wp-content\/uploads\/2021\/05\/manana-empieza-hoy-768x1086.jpg 768w, https:\/\/cppaderborn.educacion.navarra.es\/web\/wp-content\/uploads\/2021\/05\/manana-empieza-hoy-1086x1536.jpg 1086w, https:\/\/cppaderborn.educacion.navarra.es\/web\/wp-content\/uploads\/2021\/05\/manana-empieza-hoy-1448x2048.jpg 1448w, https:\/\/cppaderborn.educacion.navarra.es\/web\/wp-content\/uploads\/2021\/05\/manana-empieza-hoy.jpg 1754w\" sizes=\"(max-width: 724px) 100vw, 724px\" \/><\/a><\/figure>\n\n\n\n<h2 class=\"wp-block-heading\">Presentaci\u00f3n Puertas Abiertas<\/h2>\n\n\n\n<figure class=\"wp-block-image size-large\"><a href=\"https:\/\/view.genial.ly\/5fd879803c971e0d65989f73\/presentation-puertas-abiertas-paderborn\" target=\"_blank\" rel=\"noopener\"><img decoding=\"async\" width=\"1024\" height=\"487\" src=\"https:\/\/cppaderborn.educacion.navarra.es\/web\/wp-content\/uploads\/2020\/12\/presentacion_puertas_abiertas_2020-1024x487.jpg\" alt=\"\" class=\"wp-image-2712\" srcset=\"https:\/\/cppaderborn.educacion.navarra.es\/web\/wp-content\/uploads\/2020\/12\/presentacion_puertas_abiertas_2020-1024x487.jpg 1024w, https:\/\/cppaderborn.educacion.navarra.es\/web\/wp-content\/uploads\/2020\/12\/presentacion_puertas_abiertas_2020-300x143.jpg 300w, https:\/\/cppaderborn.educacion.navarra.es\/web\/wp-content\/uploads\/2020\/12\/presentacion_puertas_abiertas_2020-768x366.jpg 768w, https:\/\/cppaderborn.educacion.navarra.es\/web\/wp-content\/uploads\/2020\/12\/presentacion_puertas_abiertas_2020-1536x731.jpg 1536w, https:\/\/cppaderborn.educacion.navarra.es\/web\/wp-content\/uploads\/2020\/12\/presentacion_puertas_abiertas_2020.jpg 1588w\" sizes=\"(max-width: 1024px) 100vw, 1024px\" \/><\/a><\/figure>\n\n\n\n<h2 class=\"wp-block-heading\">V\u00eddeo promocional del centro<\/h2>\n\n\n\n<figure class=\"wp-block-embed is-type-video is-provider-youtube wp-block-embed-youtube wp-embed-aspect-16-9 wp-has-aspect-ratio\"><div class=\"wp-block-embed__wrapper\">\n<iframe title=\"V\u00eddeo promocional Paderborn 2020-21\" width=\"500\" height=\"281\" src=\"https:\/\/www.youtube.com\/embed\/ofYHs_bBlEg?feature=oembed\" frameborder=\"0\" allow=\"accelerometer; autoplay; clipboard-write; encrypted-media; gyroscope; picture-in-picture\" allowfullscreen><\/iframe>\n<\/div><\/figure>\n\n\n\n<p><a href=\"https:\/\/cppaderborn.educacion.navarra.es\/web\/jornadas-de-puertas-abiertas\/\" target=\"_blank\" rel=\"noreferrer noopener\">M\u00e1s informaci\u00f3n sobre nuestro centro y la prematr\u00edcula<\/a><\/p>\n\n\n\n<h2 class=\"wp-block-heading\">\u00bfLezkairu?<\/h2>\n\n\n\n<p>Las obras del nuevo colegio en el barrio de Pamplona est\u00e1n previstas que terminen para finales del a\u00f1o 2022. Se prev\u00e9 que entre en funcionamiento ese mismo curso 2022-2023 y que se escolarice al alumnado de nuestro centro.<\/p>\n\n\n\n<p><strong>Noticias relacionadas:<\/strong><\/p>\n\n\n\n<figure class=\"wp-block-embed is-type-wp-embed is-provider-apyma-paderborn wp-block-embed-apyma-paderborn\"><div class=\"wp-block-embed__wrapper\">\n<blockquote class=\"wp-embedded-content\" data-secret=\"hJN2GlHYeI\"><a href=\"https:\/\/www.apymapaderborn.com\/2021\/04\/30\/educacion-adjudica-las-obras-del-colegio-publico-lezkairu\/\">EDUCACI\u00d3N ADJUDICA LAS OBRAS DEL COLEGIO P\u00daBLICO LEZKAIRU<\/a><\/blockquote><iframe class=\"wp-embedded-content\" sandbox=\"allow-scripts\" security=\"restricted\" style=\"position: absolute; clip: rect(1px, 1px, 1px, 1px);\" title=\"&#171;EDUCACI\u00d3N ADJUDICA LAS OBRAS DEL COLEGIO P\u00daBLICO LEZKAIRU&#187; &#8212; APYMA PADERBORN\" src=\"https:\/\/www.apymapaderborn.com\/2021\/04\/30\/educacion-adjudica-las-obras-del-colegio-publico-lezkairu\/embed\/#?secret=hJN2GlHYeI\" data-secret=\"hJN2GlHYeI\" width=\"500\" height=\"282\" frameborder=\"0\" marginwidth=\"0\" marginheight=\"0\" scrolling=\"no\"><\/iframe>\n<\/div><\/figure>\n\n\n\n<p><a href=\"https:\/\/www.navarra.es\/es\/noticias\/2021\/02\/05\/el-departamento-de-educacion-y-el-ayuntamiento-de-pamplona-firman-el-convenio-para-la-construccion-del-nuevo-colegio-de-lezkairu\">https:\/\/www.navarra.es\/es\/noticias\/2021\/02\/05\/el-departamento-de-educacion-y-el-ayuntamiento-de-pamplona-firman-el-convenio-para-la-construccion-del-nuevo-colegio-de-lezkairu<\/a><\/p>\n\n\n\n<p><a href=\"https:\/\/barriolezkairu.com\/tag\/colegio-paderborn-lezkairu\/\">https:\/\/barriolezkairu.com\/tag\/colegio-paderborn-lezkairu\/<\/a><\/p>\n\n\n\n<figure class=\"wp-block-embed is-type-wp-embed is-provider-apyma-paderborn wp-block-embed-apyma-paderborn\"><div class=\"wp-block-embed__wrapper\">\n<blockquote class=\"wp-embedded-content\" data-secret=\"2RGkD9JX3U\"><a href=\"https:\/\/www.apymapaderborn.com\/2020\/12\/11\/nuevo-centro-para-el-colegio-publico-paderborn-en-el-soto-de-lezkairu\/\">Nuevo Centro para el Colegio P\u00fablico Paderborn en el Soto de Lezkairu<\/a><\/blockquote><iframe class=\"wp-embedded-content\" sandbox=\"allow-scripts\" security=\"restricted\" style=\"position: absolute; clip: rect(1px, 1px, 1px, 1px);\" title=\"&#171;Nuevo Centro para el Colegio P\u00fablico Paderborn en el Soto de Lezkairu&#187; &#8212; APYMA PADERBORN\" src=\"https:\/\/www.apymapaderborn.com\/2020\/12\/11\/nuevo-centro-para-el-colegio-publico-paderborn-en-el-soto-de-lezkairu\/embed\/#?secret=2RGkD9JX3U\" data-secret=\"2RGkD9JX3U\" width=\"500\" height=\"282\" frameborder=\"0\" marginwidth=\"0\" marginheight=\"0\" scrolling=\"no\"><\/iframe>\n<\/div><\/figure>\n\n\n\n<p><\/p>\n","protected":false},"excerpt":{"rendered":"<p>El periodo de preinscripci\u00f3n en el segundo ciclo de Infantil y Primaria comienza hoy, lunes d\u00eda 17 de mayo, y terminar\u00e1 el pr\u00f3ximo viernes d\u00eda 21. La presentaci\u00f3n de solicitudes ser\u00e1 preferentemente de forma telem\u00e1tica a trav\u00e9s del Portal Educa pero tambi\u00e9n se puede realizar presencial. Para tal fin, atenderemos en el centro de 9:00 [&hellip;]<\/p>\n","protected":false},"author":3,"featured_media":2981,"comment_status":"open","ping_status":"open","sticky":false,"template":"","format":"standard","meta":{"_genesis_hide_title":false,"_genesis_hide_breadcrumbs":false,"_genesis_hide_singular_image":false,"_genesis_hide_footer_widgets":false,"_genesis_custom_body_class":"","_genesis_custom_post_class":"","_genesis_layout":"","jetpack_post_was_ever_published":false,"_jetpack_newsletter_access":"","_jetpack_dont_email_post_to_subs":false,"_jetpack_newsletter_tier_id":0,"_jetpack_memberships_contains_paywalled_content":false,"footnotes":"","_jetpack_memberships_contains_paid_content":false,"jetpack_publicize_message":"","jetpack_publicize_feature_enabled":true,"jetpack_social_post_already_shared":false,"jetpack_social_options":{"image_generator_settings":{"template":"highway","enabled":false}}},"categories":[1,62],"tags":[],"jetpack_publicize_connections":[],"jetpack_featured_media_url":"https:\/\/cppaderborn.educacion.navarra.es\/web\/wp-content\/uploads\/2021\/05\/preinscripciones_educa.jpg","jetpack_sharing_enabled":true,"jetpack_likes_enabled":true,"_links":{"self":[{"href":"https:\/\/cppaderborn.educacion.navarra.es\/web\/wp-json\/wp\/v2\/posts\/2979"}],"collection":[{"href":"https:\/\/cppaderborn.educacion.navarra.es\/web\/wp-json\/wp\/v2\/posts"}],"about":[{"href":"https:\/\/cppaderborn.educacion.navarra.es\/web\/wp-json\/wp\/v2\/types\/post"}],"author":[{"embeddable":true,"href":"https:\/\/cppaderborn.educacion.navarra.es\/web\/wp-json\/wp\/v2\/users\/3"}],"replies":[{"embeddable":true,"href":"https:\/\/cppaderborn.educacion.navarra.es\/web\/wp-json\/wp\/v2\/comments?post=2979"}],"version-history":[{"count":2,"href":"https:\/\/cppaderborn.educacion.navarra.es\/web\/wp-json\/wp\/v2\/posts\/2979\/revisions"}],"predecessor-version":[{"id":2990,"href":"https:\/\/cppaderborn.educacion.navarra.es\/web\/wp-json\/wp\/v2\/posts\/2979\/revisions\/2990"}],"wp:featuredmedia":[{"embeddable":true,"href":"https:\/\/cppaderborn.educacion.navarra.es\/web\/wp-json\/wp\/v2\/media\/2981"}],"wp:attachment":[{"href":"https:\/\/cppaderborn.educacion.navarra.es\/web\/wp-json\/wp\/v2\/media?parent=2979"}],"wp:term":[{"taxonomy":"category","embeddable":true,"href":"https:\/\/cppaderborn.educacion.navarra.es\/web\/wp-json\/wp\/v2\/categories?post=2979"},{"taxonomy":"post_tag","embeddable":true,"href":"https:\/\/cppaderborn.educacion.navarra.es\/web\/wp-json\/wp\/v2\/tags?post=2979"}],"curies":[{"name":"wp","href":"https:\/\/api.w.org\/{rel}","templated":true}]}}