{"id":2983,"date":"2021-05-18T10:20:00","date_gmt":"2021-05-18T08:20:00","guid":{"rendered":"https:\/\/cppaderborn.educacion.navarra.es\/web\/?p=2983"},"modified":"2021-05-17T10:21:23","modified_gmt":"2021-05-17T08:21:23","slug":"poemas-nuestro-aportacion-al-dia-del-libro-2021","status":"publish","type":"post","link":"https:\/\/cppaderborn.educacion.navarra.es\/web\/blog\/poemas-nuestro-aportacion-al-dia-del-libro-2021\/","title":{"rendered":"\u00abPOEMAS\u00bb, nuestro aportaci\u00f3n al D\u00eda del Libro 2021"},"content":{"rendered":"\n<p>Con motivo de la celebraci\u00f3n del D\u00eda del Libro, en nuestro colegio trabajamos tres poemas (en castellano, en alem\u00e1n y en ingl\u00e9s) con los que hemos elaborado un nuevo <em>Big Book<\/em> o libro gigante. El resultado es el siguiente:<\/p>\n\n\n\n<div style=\"text-align:center;\"><div style=\"margin:8px 0px 4px;\"><a href=\"https:\/\/www.calameo.com\/books\/006677534cd16d43ca349\" target=\"_blank\" rel=\"noopener\">Big Book Poemas 2021<\/a><\/div><iframe src=\"\/\/v.calameo.com\/?bkcode=006677534cd16d43ca349&#038;mode=mini&#038;view=book&#038;clickto=view&#038;clicktarget=_self\" width=\"560\" height=\"350\" frameborder=\"0\" scrolling=\"no\" allowtransparency allowfullscreen style=\"margin:0 auto;\"><\/iframe><div style=\"margin:4px 0px 8px;\"><a href=\"http:\/\/www.calameo.com\/\" target=\"_blank\" rel=\"noopener\">Leer m\u00e1s publicaciones en Calam\u00e9o<\/a><\/div><\/div>\n","protected":false},"excerpt":{"rendered":"<p>Con motivo de la celebraci\u00f3n del D\u00eda del Libro, en nuestro colegio trabajamos tres poemas (en castellano, en alem\u00e1n y en ingl\u00e9s) con los que hemos elaborado un nuevo Big Book o libro gigante. El resultado es el siguiente: Big Book Poemas 2021 Leer m\u00e1s publicaciones en Calam\u00e9o<\/p>\n","protected":false},"author":3,"featured_media":2984,"comment_status":"open","ping_status":"open","sticky":false,"template":"","format":"standard","meta":{"_genesis_hide_title":false,"_genesis_hide_breadcrumbs":false,"_genesis_hide_singular_image":false,"_genesis_hide_footer_widgets":false,"_genesis_custom_body_class":"","_genesis_custom_post_class":"","_genesis_layout":"","jetpack_post_was_ever_published":false,"_jetpack_newsletter_access":"","_jetpack_dont_email_post_to_subs":false,"_jetpack_newsletter_tier_id":0,"_jetpack_memberships_contains_paywalled_content":false,"footnotes":"","_jetpack_memberships_contains_paid_content":false,"jetpack_publicize_message":"","jetpack_publicize_feature_enabled":true,"jetpack_social_post_already_shared":false,"jetpack_social_options":{"image_generator_settings":{"template":"highway","enabled":false}}},"categories":[11,1,62],"tags":[],"jetpack_publicize_connections":[],"jetpack_featured_media_url":"https:\/\/cppaderborn.educacion.navarra.es\/web\/wp-content\/uploads\/2021\/05\/poemas_bigbook_portada.jpg","jetpack_sharing_enabled":true,"jetpack_likes_enabled":true,"_links":{"self":[{"href":"https:\/\/cppaderborn.educacion.navarra.es\/web\/wp-json\/wp\/v2\/posts\/2983"}],"collection":[{"href":"https:\/\/cppaderborn.educacion.navarra.es\/web\/wp-json\/wp\/v2\/posts"}],"about":[{"href":"https:\/\/cppaderborn.educacion.navarra.es\/web\/wp-json\/wp\/v2\/types\/post"}],"author":[{"embeddable":true,"href":"https:\/\/cppaderborn.educacion.navarra.es\/web\/wp-json\/wp\/v2\/users\/3"}],"replies":[{"embeddable":true,"href":"https:\/\/cppaderborn.educacion.navarra.es\/web\/wp-json\/wp\/v2\/comments?post=2983"}],"version-history":[{"count":5,"href":"https:\/\/cppaderborn.educacion.navarra.es\/web\/wp-json\/wp\/v2\/posts\/2983\/revisions"}],"predecessor-version":[{"id":2989,"href":"https:\/\/cppaderborn.educacion.navarra.es\/web\/wp-json\/wp\/v2\/posts\/2983\/revisions\/2989"}],"wp:featuredmedia":[{"embeddable":true,"href":"https:\/\/cppaderborn.educacion.navarra.es\/web\/wp-json\/wp\/v2\/media\/2984"}],"wp:attachment":[{"href":"https:\/\/cppaderborn.educacion.navarra.es\/web\/wp-json\/wp\/v2\/media?parent=2983"}],"wp:term":[{"taxonomy":"category","embeddable":true,"href":"https:\/\/cppaderborn.educacion.navarra.es\/web\/wp-json\/wp\/v2\/categories?post=2983"},{"taxonomy":"post_tag","embeddable":true,"href":"https:\/\/cppaderborn.educacion.navarra.es\/web\/wp-json\/wp\/v2\/tags?post=2983"}],"curies":[{"name":"wp","href":"https:\/\/api.w.org\/{rel}","templated":true}]}}