{"id":3381,"date":"2021-09-13T14:49:38","date_gmt":"2021-09-13T12:49:38","guid":{"rendered":"https:\/\/cppaderborn.educacion.navarra.es\/web\/?p=3381"},"modified":"2021-09-13T14:49:39","modified_gmt":"2021-09-13T12:49:39","slug":"reunion-general-de-familias-de-inicio-de-curso-2","status":"publish","type":"post","link":"https:\/\/cppaderborn.educacion.navarra.es\/web\/blog\/reunion-general-de-familias-de-inicio-de-curso-2\/","title":{"rendered":"Reuni\u00f3n general de familias de inicio de curso"},"content":{"rendered":"\n<p><strong>Estimadas familias:<\/strong><\/p>\n\n\n\n<p>Se os convoca a las reuniones de inicio de curso que se celebrar\u00e1n a lo largo de la pr\u00f3xima semana.<\/p>\n\n\n\n<p>Las reuniones ser\u00e1n las siguientes:<\/p>\n\n\n\n<figure class=\"wp-block-table\"><table><tbody><tr><td class=\"has-text-align-center\" data-align=\"center\"><\/td><td class=\"has-text-align-center\" data-align=\"center\"><strong>LUNES 20<\/strong><\/td><td class=\"has-text-align-center\" data-align=\"center\"><strong>MARTES 21<\/strong><\/td><td class=\"has-text-align-center\" data-align=\"center\"><strong>MI\u00c9RCOLES 22<\/strong><\/td><td class=\"has-text-align-center\" data-align=\"center\"><strong>JUEVES 23<\/strong><\/td><td class=\"has-text-align-center\" data-align=\"center\"><strong>LUNES 27<\/strong><\/td><\/tr><tr><td class=\"has-text-align-center\" data-align=\"center\"><strong>16:00h. -17:30h.<\/strong><\/td><td class=\"has-text-align-center\" data-align=\"center\"><br><strong>1\u00ba E.I.<\/strong><\/td><td class=\"has-text-align-center\" data-align=\"center\"><br><strong>3\u00ba E.I.<\/strong><\/td><td class=\"has-text-align-center\" data-align=\"center\"><br><strong>2\u00ba E.P.<\/strong><\/td><td class=\"has-text-align-center\" data-align=\"center\"><strong>5\u00ba Y 6\u00ba E.P.<\/strong><br><strong>AULA ALTERNATIVA<\/strong><\/td><td class=\"has-text-align-center\" data-align=\"center\"><strong>4\u00ba E.P.<\/strong><br><\/td><\/tr><tr><td class=\"has-text-align-center\" data-align=\"center\"><br><strong>18:00h. &#8211; 19:30h.<\/strong><\/td><td class=\"has-text-align-center\" data-align=\"center\"><br><strong>2\u00ba E.I.<\/strong><\/td><td class=\"has-text-align-center\" data-align=\"center\"><br><strong>1\u00ba E.P.<\/strong><\/td><td class=\"has-text-align-center\" data-align=\"center\"><br><strong>3\u00ba E.P.<\/strong><\/td><td class=\"has-text-align-center\" data-align=\"center\"><br><\/td><td class=\"has-text-align-center\" data-align=\"center\"><\/td><\/tr><\/tbody><\/table><\/figure>\n\n\n\n<p>Todas las reuniones se celebrar\u00e1n en el cubierto excepto la reuni\u00f3n del Aula Alternativa que se celebrar\u00e1 en el comedor.<\/p>\n\n\n\n<p>Debido a la situaci\u00f3n COVID \u00fanicamente podr\u00e1 asistir una persona por alumno o alumna.<\/p>\n\n\n\n<p class=\"has-text-align-center\">Atentamente  <\/p>\n\n\n\n<p class=\"has-text-align-right\">El Equipo Directivo<\/p>\n","protected":false},"excerpt":{"rendered":"<p>Estimadas familias: Se os convoca a las reuniones de inicio de curso que se celebrar\u00e1n a lo largo de la pr\u00f3xima semana. Las reuniones ser\u00e1n las siguientes: LUNES 20 MARTES 21 MI\u00c9RCOLES 22 JUEVES 23 LUNES 27 16:00h. -17:30h. 1\u00ba E.I. 3\u00ba E.I. 2\u00ba E.P. 5\u00ba Y 6\u00ba E.P.AULA ALTERNATIVA 4\u00ba E.P. 18:00h. &#8211; 19:30h. [&hellip;]<\/p>\n","protected":false},"author":3,"featured_media":2346,"comment_status":"open","ping_status":"open","sticky":false,"template":"","format":"standard","meta":{"_genesis_hide_title":false,"_genesis_hide_breadcrumbs":false,"_genesis_hide_singular_image":false,"_genesis_hide_footer_widgets":false,"_genesis_custom_body_class":"","_genesis_custom_post_class":"","_genesis_layout":"","jetpack_post_was_ever_published":false,"_jetpack_newsletter_access":"","_jetpack_dont_email_post_to_subs":false,"_jetpack_newsletter_tier_id":0,"_jetpack_memberships_contains_paywalled_content":false,"footnotes":"","_jetpack_memberships_contains_paid_content":false,"jetpack_publicize_message":"","jetpack_publicize_feature_enabled":true,"jetpack_social_post_already_shared":false,"jetpack_social_options":{"image_generator_settings":{"template":"highway","enabled":false}}},"categories":[1,62],"tags":[],"jetpack_publicize_connections":[],"jetpack_featured_media_url":"https:\/\/cppaderborn.educacion.navarra.es\/web\/wp-content\/uploads\/2020\/09\/reuniones_cominezo-de-curso.jpg","jetpack_sharing_enabled":true,"jetpack_likes_enabled":true,"_links":{"self":[{"href":"https:\/\/cppaderborn.educacion.navarra.es\/web\/wp-json\/wp\/v2\/posts\/3381"}],"collection":[{"href":"https:\/\/cppaderborn.educacion.navarra.es\/web\/wp-json\/wp\/v2\/posts"}],"about":[{"href":"https:\/\/cppaderborn.educacion.navarra.es\/web\/wp-json\/wp\/v2\/types\/post"}],"author":[{"embeddable":true,"href":"https:\/\/cppaderborn.educacion.navarra.es\/web\/wp-json\/wp\/v2\/users\/3"}],"replies":[{"embeddable":true,"href":"https:\/\/cppaderborn.educacion.navarra.es\/web\/wp-json\/wp\/v2\/comments?post=3381"}],"version-history":[{"count":1,"href":"https:\/\/cppaderborn.educacion.navarra.es\/web\/wp-json\/wp\/v2\/posts\/3381\/revisions"}],"predecessor-version":[{"id":3382,"href":"https:\/\/cppaderborn.educacion.navarra.es\/web\/wp-json\/wp\/v2\/posts\/3381\/revisions\/3382"}],"wp:featuredmedia":[{"embeddable":true,"href":"https:\/\/cppaderborn.educacion.navarra.es\/web\/wp-json\/wp\/v2\/media\/2346"}],"wp:attachment":[{"href":"https:\/\/cppaderborn.educacion.navarra.es\/web\/wp-json\/wp\/v2\/media?parent=3381"}],"wp:term":[{"taxonomy":"category","embeddable":true,"href":"https:\/\/cppaderborn.educacion.navarra.es\/web\/wp-json\/wp\/v2\/categories?post=3381"},{"taxonomy":"post_tag","embeddable":true,"href":"https:\/\/cppaderborn.educacion.navarra.es\/web\/wp-json\/wp\/v2\/tags?post=3381"}],"curies":[{"name":"wp","href":"https:\/\/api.w.org\/{rel}","templated":true}]}}