{"id":3419,"date":"2021-09-20T09:00:00","date_gmt":"2021-09-20T07:00:00","guid":{"rendered":"https:\/\/cppaderborn.educacion.navarra.es\/web\/?p=3419"},"modified":"2021-09-17T13:34:03","modified_gmt":"2021-09-17T11:34:03","slug":"actividades-extraescolares-oferta-periodo-de-inscripcion-y-otras-informaciones","status":"publish","type":"post","link":"https:\/\/cppaderborn.educacion.navarra.es\/web\/blog\/actividades-extraescolares-oferta-periodo-de-inscripcion-y-otras-informaciones\/","title":{"rendered":"Actividades extraescolares: oferta, periodo de inscripci\u00f3n y otras informaciones"},"content":{"rendered":"\n<p>Estimadas familias,<\/p>\n\n\n\n<p>Hoy, lunes 20 de septiembre, damos a conocer la oferta de actividades extraescolares tanto de la APYMA como del centro educativo que comenzar\u00e1n el 4 de octubre.<\/p>\n\n\n\n<p><strong>El periodo de inscripci\u00f3n de las actividades ofertadas por el centro ser\u00e1 desde el d\u00eda 22 al 27 de septiembre.<\/strong><\/p>\n\n\n\n<p>En la p\u00e1gina web podr\u00e9is encontrar  informaci\u00f3n relativa a la normativa, extraescolares gratuitas del centro, actividades ofertadas por la APYMA, preguntas frecuentes y una hoja de consulta.<\/p>\n\n\n\n<figure class=\"wp-block-embed is-type-wp-embed is-provider-cp-paderborn wp-block-embed-cp-paderborn\"><div class=\"wp-block-embed__wrapper\">\n<blockquote class=\"wp-embedded-content\" data-secret=\"gPjF1QBpzX\"><a href=\"https:\/\/cppaderborn.educacion.navarra.es\/web\/actividades-extraescolares\/\">Actividades extraescolares<\/a><\/blockquote><iframe class=\"wp-embedded-content\" sandbox=\"allow-scripts\" security=\"restricted\" style=\"position: absolute; clip: rect(1px, 1px, 1px, 1px);\" title=\"\u00abActividades extraescolares\u00bb \u2014 CP Paderborn\" src=\"https:\/\/cppaderborn.educacion.navarra.es\/web\/actividades-extraescolares\/embed\/#?secret=gPjF1QBpzX\" data-secret=\"gPjF1QBpzX\" width=\"500\" height=\"282\" frameborder=\"0\" marginwidth=\"0\" marginheight=\"0\" scrolling=\"no\"><\/iframe>\n<\/div><\/figure>\n\n\n\n<p><strong>Las inscripciones las podr\u00e9is realizar de manera telem\u00e1tica desde la p\u00e1gina web.<\/strong> Aquellas familias que lo deseen podr\u00e1n hacerlo en papel, previa solicitud del documento, a los tutores o tutoras.<\/p>\n\n\n\n<p>Un cordial saludo.<\/p>\n\n\n\n<p>El Equipo Directivo<\/p>\n\n\n\n<p><\/p>\n","protected":false},"excerpt":{"rendered":"<p>Estimadas familias, Hoy, lunes 20 de septiembre, damos a conocer la oferta de actividades extraescolares tanto de la APYMA como del centro educativo que comenzar\u00e1n el 4 de octubre. El periodo de inscripci\u00f3n de las actividades ofertadas por el centro ser\u00e1 desde el d\u00eda 22 al 27 de septiembre. En la p\u00e1gina web podr\u00e9is encontrar [&hellip;]<\/p>\n","protected":false},"author":1,"featured_media":3450,"comment_status":"open","ping_status":"open","sticky":false,"template":"","format":"standard","meta":{"_genesis_hide_title":false,"_genesis_hide_breadcrumbs":false,"_genesis_hide_singular_image":false,"_genesis_hide_footer_widgets":false,"_genesis_custom_body_class":"","_genesis_custom_post_class":"","_genesis_layout":"","jetpack_post_was_ever_published":false,"_jetpack_newsletter_access":"","_jetpack_dont_email_post_to_subs":false,"_jetpack_newsletter_tier_id":0,"_jetpack_memberships_contains_paywalled_content":false,"footnotes":"","_jetpack_memberships_contains_paid_content":false,"jetpack_publicize_message":"","jetpack_publicize_feature_enabled":true,"jetpack_social_post_already_shared":false,"jetpack_social_options":{"image_generator_settings":{"template":"highway","enabled":false}}},"categories":[11,1,62],"tags":[],"jetpack_publicize_connections":[],"jetpack_featured_media_url":"https:\/\/cppaderborn.educacion.navarra.es\/web\/wp-content\/uploads\/2021\/09\/extraescolares-800x312-1.png","jetpack_sharing_enabled":true,"jetpack_likes_enabled":true,"_links":{"self":[{"href":"https:\/\/cppaderborn.educacion.navarra.es\/web\/wp-json\/wp\/v2\/posts\/3419"}],"collection":[{"href":"https:\/\/cppaderborn.educacion.navarra.es\/web\/wp-json\/wp\/v2\/posts"}],"about":[{"href":"https:\/\/cppaderborn.educacion.navarra.es\/web\/wp-json\/wp\/v2\/types\/post"}],"author":[{"embeddable":true,"href":"https:\/\/cppaderborn.educacion.navarra.es\/web\/wp-json\/wp\/v2\/users\/1"}],"replies":[{"embeddable":true,"href":"https:\/\/cppaderborn.educacion.navarra.es\/web\/wp-json\/wp\/v2\/comments?post=3419"}],"version-history":[{"count":5,"href":"https:\/\/cppaderborn.educacion.navarra.es\/web\/wp-json\/wp\/v2\/posts\/3419\/revisions"}],"predecessor-version":[{"id":3451,"href":"https:\/\/cppaderborn.educacion.navarra.es\/web\/wp-json\/wp\/v2\/posts\/3419\/revisions\/3451"}],"wp:featuredmedia":[{"embeddable":true,"href":"https:\/\/cppaderborn.educacion.navarra.es\/web\/wp-json\/wp\/v2\/media\/3450"}],"wp:attachment":[{"href":"https:\/\/cppaderborn.educacion.navarra.es\/web\/wp-json\/wp\/v2\/media?parent=3419"}],"wp:term":[{"taxonomy":"category","embeddable":true,"href":"https:\/\/cppaderborn.educacion.navarra.es\/web\/wp-json\/wp\/v2\/categories?post=3419"},{"taxonomy":"post_tag","embeddable":true,"href":"https:\/\/cppaderborn.educacion.navarra.es\/web\/wp-json\/wp\/v2\/tags?post=3419"}],"curies":[{"name":"wp","href":"https:\/\/api.w.org\/{rel}","templated":true}]}}