{"id":3494,"date":"2021-09-22T08:50:00","date_gmt":"2021-09-22T06:50:00","guid":{"rendered":"https:\/\/cppaderborn.educacion.navarra.es\/web\/?p=3494"},"modified":"2021-10-06T09:22:06","modified_gmt":"2021-10-06T07:22:06","slug":"inscripcion-en-las-actividades-extraescolares-del-centro","status":"publish","type":"post","link":"https:\/\/cppaderborn.educacion.navarra.es\/web\/blog\/inscripcion-en-las-actividades-extraescolares-del-centro\/","title":{"rendered":"Inscripci\u00f3n en las actividades extraescolares del centro"},"content":{"rendered":"\t\t<div data-elementor-type=\"wp-post\" data-elementor-id=\"3494\" class=\"elementor elementor-3494\" data-elementor-post-type=\"post\">\n\t\t\t\t\t\t\t\t\t<section class=\"elementor-section elementor-top-section elementor-element elementor-element-96f8963 elementor-section-boxed elementor-section-height-default elementor-section-height-default\" data-id=\"96f8963\" data-element_type=\"section\">\n\t\t\t\t\t\t<div class=\"elementor-container elementor-column-gap-default\">\n\t\t\t\t\t<div class=\"elementor-column elementor-col-100 elementor-top-column elementor-element elementor-element-4c79e078\" data-id=\"4c79e078\" data-element_type=\"column\">\n\t\t\t<div class=\"elementor-widget-wrap elementor-element-populated\">\n\t\t\t\t\t\t\t\t<div class=\"elementor-element elementor-element-5ea4641a elementor-widget elementor-widget-text-editor\" data-id=\"5ea4641a\" data-element_type=\"widget\" data-widget_type=\"text-editor.default\">\n\t\t\t\t<div class=\"elementor-widget-container\">\n\t\t\t\t\t\t\t<p><!-- wp:paragraph --><\/p>\n<p><strong>Desde hoy, mi\u00e9rcoles d\u00eda 22 de septiembre, hasta el pr\u00f3ximo lunes, d\u00eda 27 de septiembre,<\/strong> inclusive se realizar\u00e1n las <strong>inscripciones a las actividades extraescolares del centro<\/strong>.<\/p>\n<p><!-- \/wp:paragraph --><\/p>\n<p><!-- wp:paragraph --><\/p>\n<p>Las actividades ofertadas son las siguientes:<\/p>\n<p><!-- \/wp:paragraph --><\/p>\n<p><!-- wp:image {\"align\":\"center\",\"id\":3495,\"sizeSlug\":\"full\",\"linkDestination\":\"media\"} --><\/p>\n<div class=\"wp-block-image\">\n<figure class=\"aligncenter size-full\"><a href=\"https:\/\/cppaderborn.educacion.navarra.es\/web\/wp-content\/uploads\/2021\/09\/extraescolares_centro_2021.jpg\"><img fetchpriority=\"high\" decoding=\"async\" width=\"619\" height=\"247\" class=\"wp-image-3495\" src=\"https:\/\/cppaderborn.educacion.navarra.es\/web\/wp-content\/uploads\/2021\/09\/extraescolares_centro_2021.jpg\" alt=\"\" srcset=\"https:\/\/cppaderborn.educacion.navarra.es\/web\/wp-content\/uploads\/2021\/09\/extraescolares_centro_2021.jpg 619w, https:\/\/cppaderborn.educacion.navarra.es\/web\/wp-content\/uploads\/2021\/09\/extraescolares_centro_2021-300x120.jpg 300w\" sizes=\"(max-width: 619px) 100vw, 619px\" \/><\/a><\/figure>\n<\/div>\n<p><!-- \/wp:image --><\/p>\n<p><!-- wp:paragraph --><\/p>\n<p><a href=\"https:\/\/cppaderborn.educacion.navarra.es\/web\/actividades-extraescolares\/\"><span style=\"font-family: var( --e-global-typography-text-font-family ), Sans-serif;\"><span style=\"font-weight: var( --e-global-typography-text-font-weight ); background-color: #ffffff; font-size: 1.6rem;\">Aqu\u00ed<\/span><\/span>\u00a0<\/a>encontrar\u00e1n toda la informaci\u00f3n de las actividades, normativa, preguntas frecuentes, oferta de la APYMA y del Ayuntamiento de Pamplona, y podr\u00e1n trasladar sus consultas.<\/p>\n<p>Las inscripciones se realizar\u00e1n, de forma preferente, mediante el siguiente formulario:<\/p>\n<p><!-- \/wp:buttons --><\/p>\t\t\t\t\t\t<\/div>\n\t\t\t\t<\/div>\n\t\t\t\t<div class=\"elementor-element elementor-element-e266fa2 elementor-align-center elementor-widget elementor-widget-button\" data-id=\"e266fa2\" data-element_type=\"widget\" data-widget_type=\"button.default\">\n\t\t\t\t<div class=\"elementor-widget-container\">\n\t\t\t\t\t<div class=\"elementor-button-wrapper\">\n\t\t\t<a class=\"elementor-button elementor-button-link elementor-size-lg elementor-animation-bounce-in\" href=\"https:\/\/docs.google.com\/forms\/d\/e\/1FAIpQLSduidkEj6cnweNm5sOc4I-_Yyp9CdA9pkqjXMCSrXtDlb2GWA\/viewform?usp=sf_link\" target=\"_blank\" rel=\"nofollow\">\n\t\t\t\t\t\t<span class=\"elementor-button-content-wrapper\">\n\t\t\t\t\t\t<span class=\"elementor-button-icon elementor-align-icon-left\">\n\t\t\t\t<i aria-hidden=\"true\" class=\"fas fa-pencil-alt\"><\/i>\t\t\t<\/span>\n\t\t\t\t\t\t<span class=\"elementor-button-text\">Inscripci\u00f3n actividades extraescolares curso 2021-2022<\/span>\n\t\t<\/span>\n\t\t\t\t\t<\/a>\n\t\t<\/div>\n\t\t\t\t<\/div>\n\t\t\t\t<\/div>\n\t\t\t\t\t<\/div>\n\t\t<\/div>\n\t\t\t\t\t\t\t<\/div>\n\t\t<\/section>\n\t\t\t\t<section class=\"elementor-section elementor-top-section elementor-element elementor-element-482ea43 elementor-section-boxed elementor-section-height-default elementor-section-height-default\" data-id=\"482ea43\" data-element_type=\"section\">\n\t\t\t\t\t\t<div class=\"elementor-container elementor-column-gap-default\">\n\t\t\t\t\t<div class=\"elementor-column elementor-col-100 elementor-top-column elementor-element elementor-element-e4594d6\" data-id=\"e4594d6\" data-element_type=\"column\">\n\t\t\t<div class=\"elementor-widget-wrap elementor-element-populated\">\n\t\t\t\t\t\t\t\t<div class=\"elementor-element elementor-element-9b1eee6 elementor-widget elementor-widget-text-editor\" data-id=\"9b1eee6\" data-element_type=\"widget\" data-widget_type=\"text-editor.default\">\n\t\t\t\t<div class=\"elementor-widget-container\">\n\t\t\t\t\t\t\t<p>Una vez que el formulario se env\u00eda se recibe una copia por correo electr\u00f3nico de la inscripci\u00f3n.<\/p>\n<p>Quienes necesiten o prefieran entregar la <strong>ficha de inscripci\u00f3n en papel<\/strong> la tienen que pedir y entregar a las tutoras o tutores, hasta el lunes d\u00eda 27 de septiembre recuerden.\u00a0<span style=\"font-family: var( --e-global-typography-text-font-family ), Sans-serif; font-weight: var( --e-global-typography-text-font-weight ); font-size: 1.6rem;\">Se ruega no tramitar la inscripci\u00f3n de forma telem\u00e1tica y en papel, de las dos formas. Retrasar\u00eda la organizaci\u00f3n de las actividades.<\/span><\/p>\t\t\t\t\t\t<\/div>\n\t\t\t\t<\/div>\n\t\t\t\t\t<\/div>\n\t\t<\/div>\n\t\t\t\t\t\t\t<\/div>\n\t\t<\/section>\n\t\t\t\t\t\t\t<\/div>\n\t\t","protected":false},"excerpt":{"rendered":"<p>Desde hoy, mi\u00e9rcoles d\u00eda 22 de septiembre, hasta el pr\u00f3ximo lunes, d\u00eda 27 de septiembre, inclusive se realizar\u00e1n las inscripciones a las actividades extraescolares del centro. Las actividades ofertadas son las siguientes: Aqu\u00ed\u00a0encontrar\u00e1n toda la informaci\u00f3n de las actividades, normativa, preguntas frecuentes, oferta de la APYMA y del Ayuntamiento de Pamplona, y podr\u00e1n trasladar sus [&hellip;]<\/p>\n","protected":false},"author":3,"featured_media":3450,"comment_status":"open","ping_status":"open","sticky":false,"template":"","format":"standard","meta":{"_genesis_hide_title":false,"_genesis_hide_breadcrumbs":false,"_genesis_hide_singular_image":false,"_genesis_hide_footer_widgets":false,"_genesis_custom_body_class":"","_genesis_custom_post_class":"","_genesis_layout":"","jetpack_post_was_ever_published":false,"_jetpack_newsletter_access":"","_jetpack_dont_email_post_to_subs":false,"_jetpack_newsletter_tier_id":0,"_jetpack_memberships_contains_paywalled_content":false,"footnotes":"","_jetpack_memberships_contains_paid_content":false,"jetpack_publicize_message":"","jetpack_publicize_feature_enabled":true,"jetpack_social_post_already_shared":false,"jetpack_social_options":{"image_generator_settings":{"template":"highway","enabled":false}}},"categories":[11,1,62],"tags":[],"jetpack_publicize_connections":[],"jetpack_featured_media_url":"https:\/\/cppaderborn.educacion.navarra.es\/web\/wp-content\/uploads\/2021\/09\/extraescolares-800x312-1.png","jetpack_sharing_enabled":true,"jetpack_likes_enabled":true,"_links":{"self":[{"href":"https:\/\/cppaderborn.educacion.navarra.es\/web\/wp-json\/wp\/v2\/posts\/3494"}],"collection":[{"href":"https:\/\/cppaderborn.educacion.navarra.es\/web\/wp-json\/wp\/v2\/posts"}],"about":[{"href":"https:\/\/cppaderborn.educacion.navarra.es\/web\/wp-json\/wp\/v2\/types\/post"}],"author":[{"embeddable":true,"href":"https:\/\/cppaderborn.educacion.navarra.es\/web\/wp-json\/wp\/v2\/users\/3"}],"replies":[{"embeddable":true,"href":"https:\/\/cppaderborn.educacion.navarra.es\/web\/wp-json\/wp\/v2\/comments?post=3494"}],"version-history":[{"count":18,"href":"https:\/\/cppaderborn.educacion.navarra.es\/web\/wp-json\/wp\/v2\/posts\/3494\/revisions"}],"predecessor-version":[{"id":3550,"href":"https:\/\/cppaderborn.educacion.navarra.es\/web\/wp-json\/wp\/v2\/posts\/3494\/revisions\/3550"}],"wp:featuredmedia":[{"embeddable":true,"href":"https:\/\/cppaderborn.educacion.navarra.es\/web\/wp-json\/wp\/v2\/media\/3450"}],"wp:attachment":[{"href":"https:\/\/cppaderborn.educacion.navarra.es\/web\/wp-json\/wp\/v2\/media?parent=3494"}],"wp:term":[{"taxonomy":"category","embeddable":true,"href":"https:\/\/cppaderborn.educacion.navarra.es\/web\/wp-json\/wp\/v2\/categories?post=3494"},{"taxonomy":"post_tag","embeddable":true,"href":"https:\/\/cppaderborn.educacion.navarra.es\/web\/wp-json\/wp\/v2\/tags?post=3494"}],"curies":[{"name":"wp","href":"https:\/\/api.w.org\/{rel}","templated":true}]}}