{"id":35,"date":"2014-05-19T12:42:26","date_gmt":"2014-05-19T10:42:26","guid":{"rendered":"http:\/\/cppaderborn.educacion.navarra.es\/web\/?p=35"},"modified":"2016-01-25T18:26:02","modified_gmt":"2016-01-25T17:26:02","slug":"ensenanza-de-calidad","status":"publish","type":"post","link":"https:\/\/cppaderborn.educacion.navarra.es\/web\/blog\/ensenanza-de-calidad\/","title":{"rendered":"Ense\u00f1anza de calidad"},"content":{"rendered":"<h1><span style=\"color: #000000;\">Ense\u00f1anza de calidad<\/span><\/h1>\n<h3>Tus hijos estudiar\u00e1n en un centro:<\/h3>\n<p style=\"text-align: justify;\">\u2022 que cuenta con un equipo de profesores tutores en alem\u00e1n y castellano<\/p>\n<p style=\"text-align: justify;\">\u2022 <span style=\"color: #800000;\">que cuenta con un equipo de <\/span><span style=\"color: #800000;\">especialistas en ingl\u00e9s, m\u00fasica, <\/span><span style=\"color: #800000;\">pedagog\u00eda terap\u00e9utica, audici\u00f3n <\/span><span style=\"color: #800000;\">y lenguaje\u2026<\/span><\/p>\n<p style=\"text-align: justify;\">\u2022 <span style=\"color: #bf9b0b;\">que dispone de aulas dotadas con <\/span><span style=\"color: #bf9b0b;\">recursos para el uso de la Nuevas <\/span><span style=\"color: #bf9b0b;\">Tecnolog\u00edas (pizarras digitales)<\/span><\/p>\n<p style=\"text-align: justify;\">\u2022 reconocido por el Departamento de Educaci\u00f3n del Gobierno de Navarra con el <span style=\"color: #800000;\">sello de calidad. Centro Excelente<a href=\"https:\/\/cppaderborn.educacion.navarra.es\/web\/wp-content\/uploads\/2014\/09\/colegio-13.jpg\"><img fetchpriority=\"high\" decoding=\"async\" class=\"aligncenter size-large wp-image-491\" src=\"https:\/\/cppaderborn.educacion.navarra.es\/web\/wp-content\/uploads\/2014\/09\/colegio-13-1024x832.jpg\" alt=\"\" width=\"1024\" height=\"832\" srcset=\"https:\/\/cppaderborn.educacion.navarra.es\/web\/wp-content\/uploads\/2014\/09\/colegio-13-1024x832.jpg 1024w, https:\/\/cppaderborn.educacion.navarra.es\/web\/wp-content\/uploads\/2014\/09\/colegio-13-300x243.jpg 300w\" sizes=\"(max-width: 1024px) 100vw, 1024px\" \/><\/a><\/span><\/p>\n<h1 style=\"text-align: justify;\"><span style=\"color: #bf9b0b;\">Die Zukunft ist mehrsprachig!<\/span><\/h1>\n","protected":false},"excerpt":{"rendered":"<p>Centro reconocido por el Departamento de Educaci\u00f3n con el sello de calidad<\/p>\n","protected":false},"author":1,"featured_media":434,"comment_status":"open","ping_status":"open","sticky":false,"template":"","format":"standard","meta":{"_genesis_hide_title":false,"_genesis_hide_breadcrumbs":false,"_genesis_hide_singular_image":false,"_genesis_hide_footer_widgets":false,"_genesis_custom_body_class":"","_genesis_custom_post_class":"","_genesis_layout":"","jetpack_post_was_ever_published":false,"_jetpack_newsletter_access":"","_jetpack_dont_email_post_to_subs":false,"_jetpack_newsletter_tier_id":0,"_jetpack_memberships_contains_paywalled_content":false,"footnotes":"","_jetpack_memberships_contains_paid_content":false,"jetpack_publicize_message":"","jetpack_publicize_feature_enabled":true,"jetpack_social_post_already_shared":false,"jetpack_social_options":{"image_generator_settings":{"template":"highway","enabled":false}}},"categories":[11],"tags":[14],"jetpack_publicize_connections":[],"jetpack_featured_media_url":"https:\/\/cppaderborn.educacion.navarra.es\/web\/wp-content\/uploads\/2014\/09\/01-colegio-paderborn-1.jpg","jetpack_sharing_enabled":true,"jetpack_likes_enabled":true,"_links":{"self":[{"href":"https:\/\/cppaderborn.educacion.navarra.es\/web\/wp-json\/wp\/v2\/posts\/35"}],"collection":[{"href":"https:\/\/cppaderborn.educacion.navarra.es\/web\/wp-json\/wp\/v2\/posts"}],"about":[{"href":"https:\/\/cppaderborn.educacion.navarra.es\/web\/wp-json\/wp\/v2\/types\/post"}],"author":[{"embeddable":true,"href":"https:\/\/cppaderborn.educacion.navarra.es\/web\/wp-json\/wp\/v2\/users\/1"}],"replies":[{"embeddable":true,"href":"https:\/\/cppaderborn.educacion.navarra.es\/web\/wp-json\/wp\/v2\/comments?post=35"}],"version-history":[{"count":12,"href":"https:\/\/cppaderborn.educacion.navarra.es\/web\/wp-json\/wp\/v2\/posts\/35\/revisions"}],"predecessor-version":[{"id":1328,"href":"https:\/\/cppaderborn.educacion.navarra.es\/web\/wp-json\/wp\/v2\/posts\/35\/revisions\/1328"}],"wp:featuredmedia":[{"embeddable":true,"href":"https:\/\/cppaderborn.educacion.navarra.es\/web\/wp-json\/wp\/v2\/media\/434"}],"wp:attachment":[{"href":"https:\/\/cppaderborn.educacion.navarra.es\/web\/wp-json\/wp\/v2\/media?parent=35"}],"wp:term":[{"taxonomy":"category","embeddable":true,"href":"https:\/\/cppaderborn.educacion.navarra.es\/web\/wp-json\/wp\/v2\/categories?post=35"},{"taxonomy":"post_tag","embeddable":true,"href":"https:\/\/cppaderborn.educacion.navarra.es\/web\/wp-json\/wp\/v2\/tags?post=35"}],"curies":[{"name":"wp","href":"https:\/\/api.w.org\/{rel}","templated":true}]}}