{"id":3529,"date":"2021-09-30T11:23:08","date_gmt":"2021-09-30T09:23:08","guid":{"rendered":"https:\/\/cppaderborn.educacion.navarra.es\/web\/?p=3529"},"modified":"2021-09-30T11:23:09","modified_gmt":"2021-09-30T09:23:09","slug":"actividades-extraescolares-lista-de-admitidos-as","status":"publish","type":"post","link":"https:\/\/cppaderborn.educacion.navarra.es\/web\/blog\/actividades-extraescolares-lista-de-admitidos-as\/","title":{"rendered":"Actividades extraescolares: lista de admitidos\/as"},"content":{"rendered":"\n<p>Estimadas familias,<\/p>\n\n\n\n<p>Una vez finalizado el plazo de matriculaci\u00f3n en las actividades extraescolares organizadas por el Centro, <strong>nos complace comunicar que ha salido grupo para todas las actividades propuestas y que<\/strong> <strong>todo el alumnado que las ha solicitado ha obtenido plaza.<\/strong><\/p>\n\n\n\n<p><strong>Las actividades comenzar\u00e1n el pr\u00f3ximo lunes d\u00eda 4 de octubre.<\/strong><\/p>\n\n\n\n<p><\/p>\n\n\n\n<figure class=\"wp-block-embed is-type-wp-embed is-provider-cp-paderborn wp-block-embed-cp-paderborn\"><div class=\"wp-block-embed__wrapper\">\n<blockquote class=\"wp-embedded-content\" data-secret=\"gPjF1QBpzX\"><a href=\"https:\/\/cppaderborn.educacion.navarra.es\/web\/actividades-extraescolares\/\">Actividades extraescolares<\/a><\/blockquote><iframe class=\"wp-embedded-content\" sandbox=\"allow-scripts\" security=\"restricted\" style=\"position: absolute; clip: rect(1px, 1px, 1px, 1px);\" title=\"\u00abActividades extraescolares\u00bb \u2014 CP Paderborn\" src=\"https:\/\/cppaderborn.educacion.navarra.es\/web\/actividades-extraescolares\/embed\/#?secret=gPjF1QBpzX\" data-secret=\"gPjF1QBpzX\" width=\"500\" height=\"282\" frameborder=\"0\" marginwidth=\"0\" marginheight=\"0\" scrolling=\"no\"><\/iframe>\n<\/div><\/figure>\n\n\n\n<p><\/p>\n\n\n\n<p>Un cordial saludo.<\/p>\n\n\n\n<p>El Equipo Directivo<\/p>\n\n\n\n<p><\/p>\n","protected":false},"excerpt":{"rendered":"<p>Estimadas familias, Una vez finalizado el plazo de matriculaci\u00f3n en las actividades extraescolares organizadas por el Centro, nos complace comunicar que ha salido grupo para todas las actividades propuestas y que todo el alumnado que las ha solicitado ha obtenido plaza. Las actividades comenzar\u00e1n el pr\u00f3ximo lunes d\u00eda 4 de octubre. Un cordial saludo. El [&hellip;]<\/p>\n","protected":false},"author":3,"featured_media":3450,"comment_status":"open","ping_status":"open","sticky":false,"template":"","format":"standard","meta":{"_genesis_hide_title":false,"_genesis_hide_breadcrumbs":false,"_genesis_hide_singular_image":false,"_genesis_hide_footer_widgets":false,"_genesis_custom_body_class":"","_genesis_custom_post_class":"","_genesis_layout":"","jetpack_post_was_ever_published":false,"_jetpack_newsletter_access":"","_jetpack_dont_email_post_to_subs":false,"_jetpack_newsletter_tier_id":0,"_jetpack_memberships_contains_paywalled_content":false,"footnotes":"","_jetpack_memberships_contains_paid_content":false,"jetpack_publicize_message":"","jetpack_publicize_feature_enabled":true,"jetpack_social_post_already_shared":false,"jetpack_social_options":{"image_generator_settings":{"template":"highway","enabled":false}}},"categories":[11,1,62],"tags":[],"jetpack_publicize_connections":[],"jetpack_featured_media_url":"https:\/\/cppaderborn.educacion.navarra.es\/web\/wp-content\/uploads\/2021\/09\/extraescolares-800x312-1.png","jetpack_sharing_enabled":true,"jetpack_likes_enabled":true,"_links":{"self":[{"href":"https:\/\/cppaderborn.educacion.navarra.es\/web\/wp-json\/wp\/v2\/posts\/3529"}],"collection":[{"href":"https:\/\/cppaderborn.educacion.navarra.es\/web\/wp-json\/wp\/v2\/posts"}],"about":[{"href":"https:\/\/cppaderborn.educacion.navarra.es\/web\/wp-json\/wp\/v2\/types\/post"}],"author":[{"embeddable":true,"href":"https:\/\/cppaderborn.educacion.navarra.es\/web\/wp-json\/wp\/v2\/users\/3"}],"replies":[{"embeddable":true,"href":"https:\/\/cppaderborn.educacion.navarra.es\/web\/wp-json\/wp\/v2\/comments?post=3529"}],"version-history":[{"count":1,"href":"https:\/\/cppaderborn.educacion.navarra.es\/web\/wp-json\/wp\/v2\/posts\/3529\/revisions"}],"predecessor-version":[{"id":3530,"href":"https:\/\/cppaderborn.educacion.navarra.es\/web\/wp-json\/wp\/v2\/posts\/3529\/revisions\/3530"}],"wp:featuredmedia":[{"embeddable":true,"href":"https:\/\/cppaderborn.educacion.navarra.es\/web\/wp-json\/wp\/v2\/media\/3450"}],"wp:attachment":[{"href":"https:\/\/cppaderborn.educacion.navarra.es\/web\/wp-json\/wp\/v2\/media?parent=3529"}],"wp:term":[{"taxonomy":"category","embeddable":true,"href":"https:\/\/cppaderborn.educacion.navarra.es\/web\/wp-json\/wp\/v2\/categories?post=3529"},{"taxonomy":"post_tag","embeddable":true,"href":"https:\/\/cppaderborn.educacion.navarra.es\/web\/wp-json\/wp\/v2\/tags?post=3529"}],"curies":[{"name":"wp","href":"https:\/\/api.w.org\/{rel}","templated":true}]}}