{"id":3542,"date":"2021-10-04T11:59:48","date_gmt":"2021-10-04T09:59:48","guid":{"rendered":"https:\/\/cppaderborn.educacion.navarra.es\/web\/?p=3542"},"modified":"2021-10-04T11:59:58","modified_gmt":"2021-10-04T09:59:58","slug":"convocatoria-que-regula-la-jornada-continua","status":"publish","type":"post","link":"https:\/\/cppaderborn.educacion.navarra.es\/web\/blog\/convocatoria-que-regula-la-jornada-continua\/","title":{"rendered":"Convocatoria que regula la jornada continua"},"content":{"rendered":"\n<p>Estimadas familias:<\/p>\n\n\n\n<p>Tras publicarse en prensa que los centros navarros podr\u00e1n decidir qu\u00e9 jornada ofrecen a partir de enero, estamos recibiendo correos vuestros preguntando sobre la decisi\u00f3n que va a tomar el centro ante esta situaci\u00f3n.<\/p>\n\n\n\n<p>Desde el Departamento de Educaci\u00f3n, hemos recibido la notificaci\u00f3n de que antes del 25 de octubre se publicar\u00e1 la Resoluci\u00f3n del Director General de Educaci\u00f3n que regula la jornada continua y flexible en los centros p\u00fablicos y concertados de Navarra, para los cursos 2021\/2022 (a partir de enero de 2022) y 2022\/2023.&nbsp;<\/p>\n\n\n\n<p>Dado que consideramos que no ser\u00edan buenos nuevos cambios a mitad de curso, el centro ha decidido&nbsp;iniciar el proceso de modificaci\u00f3n de jornada escolar.<\/p>\n\n\n\n<p>El proceso lleva consigo una serie de<strong>&nbsp;requisitos de obligado cumplimiento<\/strong>&nbsp;que detallamos a continuaci\u00f3n para que las familias sean conocedoras&nbsp;de todos los pasos que a partir de la publicaci\u00f3n de la Resoluci\u00f3n el centro tendr\u00e1 que dar:<\/p>\n\n\n\n<ol><li><strong>Claustro<\/strong>: debe aprobar el proyecto de cambio de jornada en votaci\u00f3n con mayor\u00eda de 3\/5.<\/li><li><strong>Consejo Escolar:&nbsp;<\/strong>el proyecto de cambio de jornada&nbsp;deber\u00e1 ser aprobado por 2\/3 de la totalidad de los componentes con derecho a voto del Consejo Escolar.<\/li><li><strong>El equipo directivo&nbsp;explicar\u00e1 a las familias<\/strong>&nbsp;la motivaci\u00f3n y el propio proyecto de cambio de jornada escolar, as\u00ed como el procedimiento a seguir hasta su presentaci\u00f3n al Departamento de Educaci\u00f3n. As\u00ed mismo, transmitir\u00e1 a las familias cuanta informaci\u00f3n sea necesaria.<\/li><li>Los representantes de distintos posicionamientos en relaci\u00f3n con la propuesta dispondr\u00e1n de al menos tres d\u00edas lectivos, antes de la fecha de inicio de las votaciones, para convocar y celebrar reuniones p\u00fablicas en el centro, donde podr\u00e1n exponer y defender sus posicionamientos.<\/li><li><strong>Votaci\u00f3n de las familias,&nbsp;<\/strong>la aprobaci\u00f3n definitiva requerir\u00e1 al menos 3\/5 de votos del censo total (excluido el alumnado desde 6\u00ba de Educaci\u00f3n Primaria) a favor de la modificaci\u00f3n de la jornada escolar.<\/li><li><strong>El Director o Directora del centro<\/strong>, habiendo comprobado que se cumplen los requisitos, solicitar\u00e1, mediante instancia dirigida al Director General de Educaci\u00f3n,&nbsp;<strong>con fecha l\u00edmite el 13 de diciembre de 2021<\/strong>, la modificaci\u00f3n de la jornada escolar.<\/li><\/ol>\n\n\n\n<p>Un cordial saludo.<\/p>\n","protected":false},"excerpt":{"rendered":"<p>Estimadas familias: Tras publicarse en prensa que los centros navarros podr\u00e1n decidir qu\u00e9 jornada ofrecen a partir de enero, estamos recibiendo correos vuestros preguntando sobre la decisi\u00f3n que va a tomar el centro ante esta situaci\u00f3n. Desde el Departamento de Educaci\u00f3n, hemos recibido la notificaci\u00f3n de que antes del 25 de octubre se publicar\u00e1 la [&hellip;]<\/p>\n","protected":false},"author":3,"featured_media":3543,"comment_status":"open","ping_status":"open","sticky":false,"template":"","format":"standard","meta":{"_genesis_hide_title":false,"_genesis_hide_breadcrumbs":false,"_genesis_hide_singular_image":false,"_genesis_hide_footer_widgets":false,"_genesis_custom_body_class":"","_genesis_custom_post_class":"","_genesis_layout":"","jetpack_post_was_ever_published":false,"_jetpack_newsletter_access":"","_jetpack_dont_email_post_to_subs":false,"_jetpack_newsletter_tier_id":0,"_jetpack_memberships_contains_paywalled_content":false,"footnotes":"","_jetpack_memberships_contains_paid_content":false,"jetpack_publicize_message":"","jetpack_publicize_feature_enabled":true,"jetpack_social_post_already_shared":false,"jetpack_social_options":{"image_generator_settings":{"template":"highway","enabled":false}}},"categories":[1,62],"tags":[],"jetpack_publicize_connections":[],"jetpack_featured_media_url":"https:\/\/cppaderborn.educacion.navarra.es\/web\/wp-content\/uploads\/2021\/10\/fotonoticia_20210520103032_1200.jpg","jetpack_sharing_enabled":true,"jetpack_likes_enabled":true,"_links":{"self":[{"href":"https:\/\/cppaderborn.educacion.navarra.es\/web\/wp-json\/wp\/v2\/posts\/3542"}],"collection":[{"href":"https:\/\/cppaderborn.educacion.navarra.es\/web\/wp-json\/wp\/v2\/posts"}],"about":[{"href":"https:\/\/cppaderborn.educacion.navarra.es\/web\/wp-json\/wp\/v2\/types\/post"}],"author":[{"embeddable":true,"href":"https:\/\/cppaderborn.educacion.navarra.es\/web\/wp-json\/wp\/v2\/users\/3"}],"replies":[{"embeddable":true,"href":"https:\/\/cppaderborn.educacion.navarra.es\/web\/wp-json\/wp\/v2\/comments?post=3542"}],"version-history":[{"count":2,"href":"https:\/\/cppaderborn.educacion.navarra.es\/web\/wp-json\/wp\/v2\/posts\/3542\/revisions"}],"predecessor-version":[{"id":4300,"href":"https:\/\/cppaderborn.educacion.navarra.es\/web\/wp-json\/wp\/v2\/posts\/3542\/revisions\/4300"}],"wp:featuredmedia":[{"embeddable":true,"href":"https:\/\/cppaderborn.educacion.navarra.es\/web\/wp-json\/wp\/v2\/media\/3543"}],"wp:attachment":[{"href":"https:\/\/cppaderborn.educacion.navarra.es\/web\/wp-json\/wp\/v2\/media?parent=3542"}],"wp:term":[{"taxonomy":"category","embeddable":true,"href":"https:\/\/cppaderborn.educacion.navarra.es\/web\/wp-json\/wp\/v2\/categories?post=3542"},{"taxonomy":"post_tag","embeddable":true,"href":"https:\/\/cppaderborn.educacion.navarra.es\/web\/wp-json\/wp\/v2\/tags?post=3542"}],"curies":[{"name":"wp","href":"https:\/\/api.w.org\/{rel}","templated":true}]}}