{"id":3588,"date":"2021-10-25T09:26:05","date_gmt":"2021-10-25T07:26:05","guid":{"rendered":"https:\/\/cppaderborn.educacion.navarra.es\/web\/?p=3588"},"modified":"2021-10-25T09:26:08","modified_gmt":"2021-10-25T07:26:08","slug":"inauguracion-del-mural-de-la-diversidad","status":"publish","type":"post","link":"https:\/\/cppaderborn.educacion.navarra.es\/web\/blog\/inauguracion-del-mural-de-la-diversidad\/","title":{"rendered":"Inauguraci\u00f3n del Mural de la Diversidad"},"content":{"rendered":"\n<p><strong><em>Escrito por Esther Carrasco, tutora del Aula Alternativa.<\/em><\/strong><\/p>\n\n\n\n<p>El pasado lunes d\u00eda 18 de octubre inauguramos, de manera oficial, el mural pintado en el patio.<\/p>\n\n\n\n<p>El curso pasado, como actividad final de un proyecto sobre la diversidad del centro, se llev\u00f3 a cabo el pintado de este colorido y alegre dibujo y fue posible gracias al patrocinio de la Sociedad hispano-alemana del Norte de Espa\u00f1a (Deutsch-spanische Gesellschaft Nordspaniens).<\/p>\n\n\n\n<p>Dado que el curso pasado no lo pudimos inagurar, se ha querido aprovechar las actividades organizadas para la celebraci\u00f3n de la XXIX Semana Cultural que celebra la SHANE para realizar este acto.<\/p>\n\n\n\n<p>Hemos contado con la presencia de la representante de la Embajada Alemana Do\u00f1a Isabella Neisinger-Langner, que nos ayud\u00f3 con el corte de la cinta compuesta por banderines con los colores de la bandera alemana y creada por los propios alumnos y alumnas del centro.<\/p>\n\n\n\n<p>Tambi\u00e9n nos acompa\u00f1\u00f3 el cuarteto TromBoCorn Paderborn, que realiz\u00f3 un peque\u00f1o concierto para los alumnos y alumnas.<\/p>\n\n\n\n<p>Fue una experiencia enriquecedora para todos y todas.<\/p>\n\n\n","protected":false},"excerpt":{"rendered":"<p>Escrito por Esther Carrasco, tutora del Aula Alternativa. El pasado lunes d\u00eda 18 de octubre inauguramos, de manera oficial, el mural pintado en el patio. El curso pasado, como actividad final de un proyecto sobre la diversidad del centro, se llev\u00f3 a cabo el pintado de este colorido y alegre dibujo y fue posible gracias [&hellip;]<\/p>\n","protected":false},"author":3,"featured_media":3589,"comment_status":"open","ping_status":"open","sticky":false,"template":"","format":"standard","meta":{"_genesis_hide_title":false,"_genesis_hide_breadcrumbs":false,"_genesis_hide_singular_image":false,"_genesis_hide_footer_widgets":false,"_genesis_custom_body_class":"","_genesis_custom_post_class":"","_genesis_layout":"","jetpack_post_was_ever_published":false,"_jetpack_newsletter_access":"","_jetpack_dont_email_post_to_subs":false,"_jetpack_newsletter_tier_id":0,"_jetpack_memberships_contains_paywalled_content":false,"footnotes":"","_jetpack_memberships_contains_paid_content":false,"jetpack_publicize_message":"","jetpack_publicize_feature_enabled":true,"jetpack_social_post_already_shared":false,"jetpack_social_options":{"image_generator_settings":{"template":"highway","enabled":false}}},"categories":[11,17,1,62],"tags":[],"jetpack_publicize_connections":[],"jetpack_featured_media_url":"https:\/\/cppaderborn.educacion.navarra.es\/web\/wp-content\/uploads\/2021\/10\/inauguracion_mural_2021.jpg","jetpack_sharing_enabled":true,"jetpack_likes_enabled":true,"_links":{"self":[{"href":"https:\/\/cppaderborn.educacion.navarra.es\/web\/wp-json\/wp\/v2\/posts\/3588"}],"collection":[{"href":"https:\/\/cppaderborn.educacion.navarra.es\/web\/wp-json\/wp\/v2\/posts"}],"about":[{"href":"https:\/\/cppaderborn.educacion.navarra.es\/web\/wp-json\/wp\/v2\/types\/post"}],"author":[{"embeddable":true,"href":"https:\/\/cppaderborn.educacion.navarra.es\/web\/wp-json\/wp\/v2\/users\/3"}],"replies":[{"embeddable":true,"href":"https:\/\/cppaderborn.educacion.navarra.es\/web\/wp-json\/wp\/v2\/comments?post=3588"}],"version-history":[{"count":1,"href":"https:\/\/cppaderborn.educacion.navarra.es\/web\/wp-json\/wp\/v2\/posts\/3588\/revisions"}],"predecessor-version":[{"id":3590,"href":"https:\/\/cppaderborn.educacion.navarra.es\/web\/wp-json\/wp\/v2\/posts\/3588\/revisions\/3590"}],"wp:featuredmedia":[{"embeddable":true,"href":"https:\/\/cppaderborn.educacion.navarra.es\/web\/wp-json\/wp\/v2\/media\/3589"}],"wp:attachment":[{"href":"https:\/\/cppaderborn.educacion.navarra.es\/web\/wp-json\/wp\/v2\/media?parent=3588"}],"wp:term":[{"taxonomy":"category","embeddable":true,"href":"https:\/\/cppaderborn.educacion.navarra.es\/web\/wp-json\/wp\/v2\/categories?post=3588"},{"taxonomy":"post_tag","embeddable":true,"href":"https:\/\/cppaderborn.educacion.navarra.es\/web\/wp-json\/wp\/v2\/tags?post=3588"}],"curies":[{"name":"wp","href":"https:\/\/api.w.org\/{rel}","templated":true}]}}