{"id":3666,"date":"2021-11-19T09:58:17","date_gmt":"2021-11-19T08:58:17","guid":{"rendered":"https:\/\/cppaderborn.educacion.navarra.es\/web\/?p=3666"},"modified":"2021-11-19T09:58:19","modified_gmt":"2021-11-19T08:58:19","slug":"experiencias-sensoriales-en-el-aula-alternativa-2","status":"publish","type":"post","link":"https:\/\/cppaderborn.educacion.navarra.es\/web\/blog\/experiencias-sensoriales-en-el-aula-alternativa-2\/","title":{"rendered":"Experiencias sensoriales en el Aula Alternativa"},"content":{"rendered":"\n<p><strong>Escrito por Esther Carrasco, tutora del Aula Alternativa.<\/strong><\/p>\n\n\n\n<p>Seguimos\u00a0con las experiencias sensoriales. Esta vez hemos creado pasta de sal. Como podr\u00e9is ver en las im\u00e1genes, adem\u00e1s de crear la propia pasta, tambi\u00e9n realizamos unos caracoles de oto\u00f1o.<\/p>\n\n\n","protected":false},"excerpt":{"rendered":"<p>Escrito por Esther Carrasco, tutora del Aula Alternativa. Seguimos\u00a0con las experiencias sensoriales. Esta vez hemos creado pasta de sal. Como podr\u00e9is ver en las im\u00e1genes, adem\u00e1s de crear la propia pasta, tambi\u00e9n realizamos unos caracoles de oto\u00f1o.<\/p>\n","protected":false},"author":3,"featured_media":3667,"comment_status":"open","ping_status":"open","sticky":false,"template":"","format":"standard","meta":{"_genesis_hide_title":false,"_genesis_hide_breadcrumbs":false,"_genesis_hide_singular_image":false,"_genesis_hide_footer_widgets":false,"_genesis_custom_body_class":"","_genesis_custom_post_class":"","_genesis_layout":"","jetpack_post_was_ever_published":false,"_jetpack_newsletter_access":"","_jetpack_dont_email_post_to_subs":false,"_jetpack_newsletter_tier_id":0,"_jetpack_memberships_contains_paywalled_content":false,"footnotes":"","_jetpack_memberships_contains_paid_content":false,"jetpack_publicize_message":"","jetpack_publicize_feature_enabled":true,"jetpack_social_post_already_shared":false,"jetpack_social_options":{"image_generator_settings":{"template":"highway","enabled":false}}},"categories":[11,1],"tags":[],"jetpack_publicize_connections":[],"jetpack_featured_media_url":"https:\/\/cppaderborn.educacion.navarra.es\/web\/wp-content\/uploads\/2021\/11\/20211011_0839222.jpg","jetpack_sharing_enabled":true,"jetpack_likes_enabled":true,"_links":{"self":[{"href":"https:\/\/cppaderborn.educacion.navarra.es\/web\/wp-json\/wp\/v2\/posts\/3666"}],"collection":[{"href":"https:\/\/cppaderborn.educacion.navarra.es\/web\/wp-json\/wp\/v2\/posts"}],"about":[{"href":"https:\/\/cppaderborn.educacion.navarra.es\/web\/wp-json\/wp\/v2\/types\/post"}],"author":[{"embeddable":true,"href":"https:\/\/cppaderborn.educacion.navarra.es\/web\/wp-json\/wp\/v2\/users\/3"}],"replies":[{"embeddable":true,"href":"https:\/\/cppaderborn.educacion.navarra.es\/web\/wp-json\/wp\/v2\/comments?post=3666"}],"version-history":[{"count":1,"href":"https:\/\/cppaderborn.educacion.navarra.es\/web\/wp-json\/wp\/v2\/posts\/3666\/revisions"}],"predecessor-version":[{"id":3668,"href":"https:\/\/cppaderborn.educacion.navarra.es\/web\/wp-json\/wp\/v2\/posts\/3666\/revisions\/3668"}],"wp:featuredmedia":[{"embeddable":true,"href":"https:\/\/cppaderborn.educacion.navarra.es\/web\/wp-json\/wp\/v2\/media\/3667"}],"wp:attachment":[{"href":"https:\/\/cppaderborn.educacion.navarra.es\/web\/wp-json\/wp\/v2\/media?parent=3666"}],"wp:term":[{"taxonomy":"category","embeddable":true,"href":"https:\/\/cppaderborn.educacion.navarra.es\/web\/wp-json\/wp\/v2\/categories?post=3666"},{"taxonomy":"post_tag","embeddable":true,"href":"https:\/\/cppaderborn.educacion.navarra.es\/web\/wp-json\/wp\/v2\/tags?post=3666"}],"curies":[{"name":"wp","href":"https:\/\/api.w.org\/{rel}","templated":true}]}}