{"id":3720,"date":"2021-12-16T09:35:57","date_gmt":"2021-12-16T08:35:57","guid":{"rendered":"https:\/\/cppaderborn.educacion.navarra.es\/web\/?p=3720"},"modified":"2021-12-16T09:35:59","modified_gmt":"2021-12-16T08:35:59","slug":"decoracion-navidena-en-el-colegio","status":"publish","type":"post","link":"https:\/\/cppaderborn.educacion.navarra.es\/web\/blog\/decoracion-navidena-en-el-colegio\/","title":{"rendered":"Decoraci\u00f3n navide\u00f1a en el colegio"},"content":{"rendered":"\n<p>Este curso hemos organizado un concurso de puertas navide\u00f1as en el centro, en el que se ha valorado la originalidad, la artesan\u00eda y la elaboraci\u00f3n del alumnado entre otros apartados. Han participado todos los grupos clase con resultados finales espectaculares como pueden ver en los siguientes v\u00eddeos elaborados por profesorado del centro:<\/p>\n\n\n\n<figure class=\"wp-block-embed is-type-video is-provider-youtube wp-block-embed-youtube wp-embed-aspect-16-9 wp-has-aspect-ratio\"><div class=\"wp-block-embed__wrapper\">\n<iframe title=\"Decoraci\u00f3n navide\u00f1a diciembre 21\" width=\"500\" height=\"281\" src=\"https:\/\/www.youtube.com\/embed\/YOMIw0X_PO0?feature=oembed\" frameborder=\"0\" allow=\"accelerometer; autoplay; clipboard-write; encrypted-media; gyroscope; picture-in-picture\" allowfullscreen><\/iframe>\n<\/div><\/figure>\n\n\n\n<p>Elaborado por Lorenzo Garc\u00eda, tutor de 2\u00ba A<\/p>\n\n\n\n<figure class=\"wp-block-embed is-type-video is-provider-youtube wp-block-embed-youtube wp-embed-aspect-4-3 wp-has-aspect-ratio\"><div class=\"wp-block-embed__wrapper\">\n<iframe title=\"Concurso puertas navide\u00f1as 2021\" width=\"500\" height=\"375\" src=\"https:\/\/www.youtube.com\/embed\/ev3Or4mAZW8?feature=oembed\" frameborder=\"0\" allow=\"accelerometer; autoplay; clipboard-write; encrypted-media; gyroscope; picture-in-picture\" allowfullscreen><\/iframe>\n<\/div><\/figure>\n\n\n\n<p>Elaborado por Beatriz del Arco, maestra de apoyo.<\/p>\n\n\n\n<p><\/p>\n\n\n\n<p>Y compartimos un \u00e1lbum de fotos de las puertas decoradas:<\/p>\n\n\n","protected":false},"excerpt":{"rendered":"<p>Este curso hemos organizado un concurso de puertas navide\u00f1as en el centro, en el que se ha valorado la originalidad, la artesan\u00eda y la elaboraci\u00f3n del alumnado entre otros apartados. Han participado todos los grupos clase con resultados finales espectaculares como pueden ver en los siguientes v\u00eddeos elaborados por profesorado del centro: Elaborado por Lorenzo [&hellip;]<\/p>\n","protected":false},"author":3,"featured_media":3721,"comment_status":"open","ping_status":"open","sticky":false,"template":"","format":"standard","meta":{"_genesis_hide_title":false,"_genesis_hide_breadcrumbs":false,"_genesis_hide_singular_image":false,"_genesis_hide_footer_widgets":false,"_genesis_custom_body_class":"","_genesis_custom_post_class":"","_genesis_layout":"","jetpack_post_was_ever_published":false,"_jetpack_newsletter_access":"","_jetpack_dont_email_post_to_subs":false,"_jetpack_newsletter_tier_id":0,"_jetpack_memberships_contains_paywalled_content":false,"footnotes":"","_jetpack_memberships_contains_paid_content":false,"jetpack_publicize_message":"","jetpack_publicize_feature_enabled":true,"jetpack_social_post_already_shared":false,"jetpack_social_options":{"image_generator_settings":{"template":"highway","enabled":false}}},"categories":[11,17,1,62],"tags":[],"jetpack_publicize_connections":[],"jetpack_featured_media_url":"https:\/\/cppaderborn.educacion.navarra.es\/web\/wp-content\/uploads\/2021\/12\/decoracion_navidena_21.jpg","jetpack_sharing_enabled":true,"jetpack_likes_enabled":true,"_links":{"self":[{"href":"https:\/\/cppaderborn.educacion.navarra.es\/web\/wp-json\/wp\/v2\/posts\/3720"}],"collection":[{"href":"https:\/\/cppaderborn.educacion.navarra.es\/web\/wp-json\/wp\/v2\/posts"}],"about":[{"href":"https:\/\/cppaderborn.educacion.navarra.es\/web\/wp-json\/wp\/v2\/types\/post"}],"author":[{"embeddable":true,"href":"https:\/\/cppaderborn.educacion.navarra.es\/web\/wp-json\/wp\/v2\/users\/3"}],"replies":[{"embeddable":true,"href":"https:\/\/cppaderborn.educacion.navarra.es\/web\/wp-json\/wp\/v2\/comments?post=3720"}],"version-history":[{"count":1,"href":"https:\/\/cppaderborn.educacion.navarra.es\/web\/wp-json\/wp\/v2\/posts\/3720\/revisions"}],"predecessor-version":[{"id":3722,"href":"https:\/\/cppaderborn.educacion.navarra.es\/web\/wp-json\/wp\/v2\/posts\/3720\/revisions\/3722"}],"wp:featuredmedia":[{"embeddable":true,"href":"https:\/\/cppaderborn.educacion.navarra.es\/web\/wp-json\/wp\/v2\/media\/3721"}],"wp:attachment":[{"href":"https:\/\/cppaderborn.educacion.navarra.es\/web\/wp-json\/wp\/v2\/media?parent=3720"}],"wp:term":[{"taxonomy":"category","embeddable":true,"href":"https:\/\/cppaderborn.educacion.navarra.es\/web\/wp-json\/wp\/v2\/categories?post=3720"},{"taxonomy":"post_tag","embeddable":true,"href":"https:\/\/cppaderborn.educacion.navarra.es\/web\/wp-json\/wp\/v2\/tags?post=3720"}],"curies":[{"name":"wp","href":"https:\/\/api.w.org\/{rel}","templated":true}]}}