{"id":38,"date":"2014-05-19T12:46:36","date_gmt":"2014-05-19T10:46:36","guid":{"rendered":"http:\/\/cppaderborn.educacion.navarra.es\/web\/?p=38"},"modified":"2014-10-01T18:19:19","modified_gmt":"2014-10-01T16:19:19","slug":"bienvenida-a-los-nuevos-alumnos-y-alumnas","status":"publish","type":"post","link":"https:\/\/cppaderborn.educacion.navarra.es\/web\/blog\/bienvenida-a-los-nuevos-alumnos-y-alumnas\/","title":{"rendered":"Bienvenida a los nuevos alumnos y alumnas"},"content":{"rendered":"<p><a href=\"https:\/\/cppaderborn.educacion.navarra.es\/web\/wp-content\/uploads\/2014\/10\/R\u00f3tulo.jpg\"><img fetchpriority=\"high\" decoding=\"async\" src=\"https:\/\/cppaderborn.educacion.navarra.es\/web\/wp-content\/uploads\/2014\/10\/R\u00f3tulo-1024x165.jpg\" alt=\"R\u00f3tulo\" width=\"1024\" height=\"165\" class=\"aligncenter size-large wp-image-747\" srcset=\"https:\/\/cppaderborn.educacion.navarra.es\/web\/wp-content\/uploads\/2014\/10\/R\u00f3tulo-1024x165.jpg 1024w, https:\/\/cppaderborn.educacion.navarra.es\/web\/wp-content\/uploads\/2014\/10\/R\u00f3tulo-300x48.jpg 300w\" sizes=\"(max-width: 1024px) 100vw, 1024px\" \/><\/a>Queridos alumnos, queridas alumnas, queridas familias, queridos amigos y amigas de Deutsche Schule CP Paderborn-V\u00edctor Pradera<br \/>\nYa ha llegado un a\u00f1o m\u00e1s a principios del nuevo curso escolar. Hemos regresado de las vacaciones con mucha energ\u00eda y comenzamos el nuevo curso muy motivados y con ideas nuevas y renovadas.<br \/>\nOs damos la BIENVENIDA a este curso escolar que iniciamos, con toda la ilusi\u00f3n y la seguridad de poder llegar a metas importantes, que se consiguen con el quehacer diario.<br \/>\nEl resultado del \u00e9xito o fracaso se debe al tiempo de estudio o a la manera  de trabajar. Hay que trabajar de forma constante y mejorar para convertirse en un experto en algo.<br \/>\nTrabajar con otros significa que debemos acordar c\u00f3mo avanzar, c\u00f3mo detectar los errores para llegar a una soluci\u00f3n compartida Tenemos que leer nuestra mente y la de los dem\u00e1s<br \/>\nAl igual que en otros cursos anteriores realizaremos diversos eventos y proyectos. Asimismo les invitamos a visitar nuestra galer\u00eda de fotos.<br \/>\n Me gustar\u00eda que en el futuro el Deutsche Schule CP Paderborn siguiera siendo para toda la comunidad escolar un lugar para sentirse en casa, un espacio para convivir y un sitio en el que cada d\u00eda nos juntamos nuevamente con alegr\u00eda,  un espacio en el que el alumnado pueda adquirir competencias que son importantes, no solamente para su actual vida en grupo, sino tambi\u00e9n para las futuras exigencias de la vida laboral.<br \/>\nLes deseamos a todos ustedes y a los ni\u00f1os y ni\u00f1as todo lo mejor para este curso escolar<\/p>\n","protected":false},"excerpt":{"rendered":"<p>Queridos alumnos, queridas alumnas, queridas familias, queridos amigos y amigas de Deutsche Schule CP Paderborn-V\u00edctor Pradera Ya ha llegado un a\u00f1o m\u00e1s a principios del nuevo curso escolar. Hemos regresado de las vacaciones con mucha energ\u00eda y comenzamos el nuevo curso muy motivados y con ideas nuevas y renovadas. Os damos la BIENVENIDA a este [&hellip;]<\/p>\n","protected":false},"author":1,"featured_media":696,"comment_status":"open","ping_status":"open","sticky":false,"template":"","format":"standard","meta":{"_genesis_hide_title":false,"_genesis_hide_breadcrumbs":false,"_genesis_hide_singular_image":false,"_genesis_hide_footer_widgets":false,"_genesis_custom_body_class":"","_genesis_custom_post_class":"","_genesis_layout":"","jetpack_post_was_ever_published":false,"_jetpack_newsletter_access":"","_jetpack_dont_email_post_to_subs":false,"_jetpack_newsletter_tier_id":0,"_jetpack_memberships_contains_paywalled_content":false,"footnotes":"","_jetpack_memberships_contains_paid_content":false,"jetpack_publicize_message":"","jetpack_publicize_feature_enabled":true,"jetpack_social_post_already_shared":false,"jetpack_social_options":{"image_generator_settings":{"template":"highway","enabled":false}}},"categories":[1],"tags":[14],"jetpack_publicize_connections":[],"jetpack_featured_media_url":"https:\/\/cppaderborn.educacion.navarra.es\/web\/wp-content\/uploads\/2014\/10\/Sin-t\u00edtulo-2.png","jetpack_sharing_enabled":true,"jetpack_likes_enabled":true,"_links":{"self":[{"href":"https:\/\/cppaderborn.educacion.navarra.es\/web\/wp-json\/wp\/v2\/posts\/38"}],"collection":[{"href":"https:\/\/cppaderborn.educacion.navarra.es\/web\/wp-json\/wp\/v2\/posts"}],"about":[{"href":"https:\/\/cppaderborn.educacion.navarra.es\/web\/wp-json\/wp\/v2\/types\/post"}],"author":[{"embeddable":true,"href":"https:\/\/cppaderborn.educacion.navarra.es\/web\/wp-json\/wp\/v2\/users\/1"}],"replies":[{"embeddable":true,"href":"https:\/\/cppaderborn.educacion.navarra.es\/web\/wp-json\/wp\/v2\/comments?post=38"}],"version-history":[{"count":4,"href":"https:\/\/cppaderborn.educacion.navarra.es\/web\/wp-json\/wp\/v2\/posts\/38\/revisions"}],"predecessor-version":[{"id":751,"href":"https:\/\/cppaderborn.educacion.navarra.es\/web\/wp-json\/wp\/v2\/posts\/38\/revisions\/751"}],"wp:featuredmedia":[{"embeddable":true,"href":"https:\/\/cppaderborn.educacion.navarra.es\/web\/wp-json\/wp\/v2\/media\/696"}],"wp:attachment":[{"href":"https:\/\/cppaderborn.educacion.navarra.es\/web\/wp-json\/wp\/v2\/media?parent=38"}],"wp:term":[{"taxonomy":"category","embeddable":true,"href":"https:\/\/cppaderborn.educacion.navarra.es\/web\/wp-json\/wp\/v2\/categories?post=38"},{"taxonomy":"post_tag","embeddable":true,"href":"https:\/\/cppaderborn.educacion.navarra.es\/web\/wp-json\/wp\/v2\/tags?post=38"}],"curies":[{"name":"wp","href":"https:\/\/api.w.org\/{rel}","templated":true}]}}