{"id":3863,"date":"2022-05-09T10:37:05","date_gmt":"2022-05-09T08:37:05","guid":{"rendered":"https:\/\/cppaderborn.educacion.navarra.es\/web\/?p=3863"},"modified":"2022-05-09T10:37:07","modified_gmt":"2022-05-09T08:37:07","slug":"la-primera-jornada-deportiva-sportfest-tuvo-un-gran-exito-de-participacion","status":"publish","type":"post","link":"https:\/\/cppaderborn.educacion.navarra.es\/web\/blog\/la-primera-jornada-deportiva-sportfest-tuvo-un-gran-exito-de-participacion\/","title":{"rendered":"La Primera Jornada Deportiva-Sportfest tuvo un gran \u00e9xito de participaci\u00f3n"},"content":{"rendered":"\n<p>El nuevo Club Deportivo Filial del Colegio Paderborn ha comenzado su andadura con una Fiesta del Deporte que ha tenido lugar este s\u00e1bado 7 de mayo, en la que han participado un total de 150 ni\u00f1os y ni\u00f1as.<\/p>\n\n\n\n\n\n<p><br>A la misma han asistido diferentes federaciones deportivas para mostrar al alumnado las diversas disciplinas deportivas que podr\u00e1n practicar el curso que viene.<br>Durante toda la ma\u00f1ana los diferentes grupos fueron rotando por deportes tales como: tenis de mesa, esgrima, baloncesto, f\u00fatbol, patinaje, taekwondo y atletismo. A media ma\u00f1ana se sirvi\u00f3 adem\u00e1s un almuerzo saludable que consisti\u00f3 en dos piezas de fruta para cada participante, ya que el fomento de la alimentaci\u00f3n sana es otro de los objetivos del proyecto Paderborn.<br>El Sportfest es una iniciativa de la APYMA del colegio Paderborn, que junto con la Direcci\u00f3n del colegio, se ha volcado en que este evento haya logrado celebrarse.<br>La I Jornada Deportiva ha sido un \u00e9xito de participaci\u00f3n y gracias a la buena climatolog\u00eda se ha podido llevar a cabo la pr\u00e1ctica de todos los deportes inicialmente<br>propuestos.<\/p>\n\n\n\n<p>Esta jornada ha servido para dar a conocer la nueva oferta deportiva del pr\u00f3ximo curso. Los deportes que se ofrecen son: multideporte, atletismo, f\u00fatbol, taekwondo e iniciaci\u00f3n a la nataci\u00f3n, pero para el curso que viene esta oferta se va a ampliar con la incorporaci\u00f3n de: tenis de mesa y baloncesto mixto, con el fin de trabajar la igualdad; esgrima, patinaje y nataci\u00f3n especializada. Estos deportes se impartir\u00e1n en<br>horario de tarde y algunos al mediod\u00eda.<br>Otro de los objetivos de esta Sportfest era la b\u00fasqueda de un espacio de encuentro y convivencia de las familias, para formentar los valores del proyecto Paderborn: integraci\u00f3n, multiculturalidad e igualdad, transmitiendo de forma sencilla valores como el esfuerzo o la gesti\u00f3n de emociones entre el alumnado.<\/p>\n\n\n\n<h2 class=\"wp-block-heading\">Deportivo Filial del Colegio Paderborn<\/h2>\n\n\n\n<p>El nuevo Club Deportivo nace en enero de 2021, fecha en la que se inscribi\u00f3 en el Instituto Navarro del Deporte. Es un Club Filial sin personalidad jur\u00eddica constituido dentro de la Asociaci\u00f3n de Padres y Madres del colegio Paderborn.<br>La finalidad del Club es crear entre sus participantes y su entorno un ambiente familiar y formativo basado en el respeto mutuo y sobre todo colaborar en la labor educativa del alumnado del colegio a trav\u00e9s de la pr\u00e1ctica del deporte, fomentando la diversi\u00f3n, la convivencia y la igualdad. La creaci\u00f3n del Club sirve, asimismo, para favorecer la conciliaci\u00f3n de la vida familiar y laboral de muchas familias.<br>Su responsable es Bel\u00e9n Aldecoa, e integran el organigrama del club la Comisi\u00f3n Deportiva que est\u00e1 formada por: Patxi Mart\u00ednez, Soraya Prieto y Santiago Rodr\u00edguez.<\/p>\n\n\n\n<p><strong>M\u00e1s informaci\u00f3n:<\/strong><\/p>\n\n\n\n<ul><li>Web: www.apymapaderborn.com<br><\/li><li>Gabinete de prensa: Pablo Ramos (626 11 22 36)<br><\/li><li>Mail: apymapaderborn@gmail.com<\/li><\/ul>\n","protected":false},"excerpt":{"rendered":"<p>El nuevo Club Deportivo Filial del Colegio Paderborn ha comenzado su andadura con una Fiesta del Deporte que ha tenido lugar este s\u00e1bado 7 de mayo, en la que han participado un total de 150 ni\u00f1os y ni\u00f1as. A la misma han asistido diferentes federaciones deportivas para mostrar al alumnado las diversas disciplinas deportivas que [&hellip;]<\/p>\n","protected":false},"author":3,"featured_media":3865,"comment_status":"open","ping_status":"open","sticky":false,"template":"","format":"standard","meta":{"_genesis_hide_title":false,"_genesis_hide_breadcrumbs":false,"_genesis_hide_singular_image":false,"_genesis_hide_footer_widgets":false,"_genesis_custom_body_class":"","_genesis_custom_post_class":"","_genesis_layout":"","jetpack_post_was_ever_published":false,"_jetpack_newsletter_access":"","_jetpack_dont_email_post_to_subs":false,"_jetpack_newsletter_tier_id":0,"_jetpack_memberships_contains_paywalled_content":false,"footnotes":"","_jetpack_memberships_contains_paid_content":false,"jetpack_publicize_message":"","jetpack_publicize_feature_enabled":true,"jetpack_social_post_already_shared":true,"jetpack_social_options":{"image_generator_settings":{"template":"highway","enabled":false}}},"categories":[11,1,62],"tags":[],"jetpack_publicize_connections":[],"jetpack_featured_media_url":"https:\/\/cppaderborn.educacion.navarra.es\/web\/wp-content\/uploads\/2022\/05\/5_Taekwondo_4-banner.jpg","jetpack_sharing_enabled":true,"jetpack_likes_enabled":true,"_links":{"self":[{"href":"https:\/\/cppaderborn.educacion.navarra.es\/web\/wp-json\/wp\/v2\/posts\/3863"}],"collection":[{"href":"https:\/\/cppaderborn.educacion.navarra.es\/web\/wp-json\/wp\/v2\/posts"}],"about":[{"href":"https:\/\/cppaderborn.educacion.navarra.es\/web\/wp-json\/wp\/v2\/types\/post"}],"author":[{"embeddable":true,"href":"https:\/\/cppaderborn.educacion.navarra.es\/web\/wp-json\/wp\/v2\/users\/3"}],"replies":[{"embeddable":true,"href":"https:\/\/cppaderborn.educacion.navarra.es\/web\/wp-json\/wp\/v2\/comments?post=3863"}],"version-history":[{"count":3,"href":"https:\/\/cppaderborn.educacion.navarra.es\/web\/wp-json\/wp\/v2\/posts\/3863\/revisions"}],"predecessor-version":[{"id":3868,"href":"https:\/\/cppaderborn.educacion.navarra.es\/web\/wp-json\/wp\/v2\/posts\/3863\/revisions\/3868"}],"wp:featuredmedia":[{"embeddable":true,"href":"https:\/\/cppaderborn.educacion.navarra.es\/web\/wp-json\/wp\/v2\/media\/3865"}],"wp:attachment":[{"href":"https:\/\/cppaderborn.educacion.navarra.es\/web\/wp-json\/wp\/v2\/media?parent=3863"}],"wp:term":[{"taxonomy":"category","embeddable":true,"href":"https:\/\/cppaderborn.educacion.navarra.es\/web\/wp-json\/wp\/v2\/categories?post=3863"},{"taxonomy":"post_tag","embeddable":true,"href":"https:\/\/cppaderborn.educacion.navarra.es\/web\/wp-json\/wp\/v2\/tags?post=3863"}],"curies":[{"name":"wp","href":"https:\/\/api.w.org\/{rel}","templated":true}]}}