{"id":3937,"date":"2022-05-30T09:16:53","date_gmt":"2022-05-30T07:16:53","guid":{"rendered":"https:\/\/cppaderborn.educacion.navarra.es\/web\/?p=3937"},"modified":"2022-05-30T09:16:55","modified_gmt":"2022-05-30T07:16:55","slug":"fin-del-viaje-a-traves-de-los-libros","status":"publish","type":"post","link":"https:\/\/cppaderborn.educacion.navarra.es\/web\/blog\/fin-del-viaje-a-traves-de-los-libros\/","title":{"rendered":"Fin del \u00abViaje a trav\u00e9s de los libros"},"content":{"rendered":"\n<p><strong><em>Escrito por Luc\u00eda Gorostidi, maestra de M\u00fasica y de la extraescolar<\/em><\/strong><\/p>\n\n\n\n<p>Aqu\u00ed acaba la\u200b extraescolar de los mi\u00e9rcoles, con un bonito resultado final.<br>Gracias por vuestro trabajo, chicas y chicos de tercer ciclo y gracias libros, por acompa\u00f1arnos en este bonito viaje!!<\/p>\n\n\n","protected":false},"excerpt":{"rendered":"<p>Escrito por Luc\u00eda Gorostidi, maestra de M\u00fasica y de la extraescolar Aqu\u00ed acaba la\u200b extraescolar de los mi\u00e9rcoles, con un bonito resultado final.Gracias por vuestro trabajo, chicas y chicos de tercer ciclo y gracias libros, por acompa\u00f1arnos en este bonito viaje!!<\/p>\n","protected":false},"author":3,"featured_media":3938,"comment_status":"open","ping_status":"open","sticky":false,"template":"","format":"standard","meta":{"_genesis_hide_title":false,"_genesis_hide_breadcrumbs":false,"_genesis_hide_singular_image":false,"_genesis_hide_footer_widgets":false,"_genesis_custom_body_class":"","_genesis_custom_post_class":"","_genesis_layout":"","jetpack_post_was_ever_published":false,"_jetpack_newsletter_access":"","_jetpack_dont_email_post_to_subs":false,"_jetpack_newsletter_tier_id":0,"_jetpack_memberships_contains_paywalled_content":false,"footnotes":"","_jetpack_memberships_contains_paid_content":false,"jetpack_publicize_message":"","jetpack_publicize_feature_enabled":true,"jetpack_social_post_already_shared":true,"jetpack_social_options":{"image_generator_settings":{"template":"highway","enabled":false}}},"categories":[11,1],"tags":[],"jetpack_publicize_connections":[],"jetpack_featured_media_url":"https:\/\/cppaderborn.educacion.navarra.es\/web\/wp-content\/uploads\/2022\/05\/1653660932005_1653660929191_IMG_20220527_155412-scaled.jpg","jetpack_sharing_enabled":true,"jetpack_likes_enabled":true,"_links":{"self":[{"href":"https:\/\/cppaderborn.educacion.navarra.es\/web\/wp-json\/wp\/v2\/posts\/3937"}],"collection":[{"href":"https:\/\/cppaderborn.educacion.navarra.es\/web\/wp-json\/wp\/v2\/posts"}],"about":[{"href":"https:\/\/cppaderborn.educacion.navarra.es\/web\/wp-json\/wp\/v2\/types\/post"}],"author":[{"embeddable":true,"href":"https:\/\/cppaderborn.educacion.navarra.es\/web\/wp-json\/wp\/v2\/users\/3"}],"replies":[{"embeddable":true,"href":"https:\/\/cppaderborn.educacion.navarra.es\/web\/wp-json\/wp\/v2\/comments?post=3937"}],"version-history":[{"count":1,"href":"https:\/\/cppaderborn.educacion.navarra.es\/web\/wp-json\/wp\/v2\/posts\/3937\/revisions"}],"predecessor-version":[{"id":3939,"href":"https:\/\/cppaderborn.educacion.navarra.es\/web\/wp-json\/wp\/v2\/posts\/3937\/revisions\/3939"}],"wp:featuredmedia":[{"embeddable":true,"href":"https:\/\/cppaderborn.educacion.navarra.es\/web\/wp-json\/wp\/v2\/media\/3938"}],"wp:attachment":[{"href":"https:\/\/cppaderborn.educacion.navarra.es\/web\/wp-json\/wp\/v2\/media?parent=3937"}],"wp:term":[{"taxonomy":"category","embeddable":true,"href":"https:\/\/cppaderborn.educacion.navarra.es\/web\/wp-json\/wp\/v2\/categories?post=3937"},{"taxonomy":"post_tag","embeddable":true,"href":"https:\/\/cppaderborn.educacion.navarra.es\/web\/wp-json\/wp\/v2\/tags?post=3937"}],"curies":[{"name":"wp","href":"https:\/\/api.w.org\/{rel}","templated":true}]}}