{"id":5819,"date":"2023-09-27T08:57:48","date_gmt":"2023-09-27T06:57:48","guid":{"rendered":"https:\/\/cppaderborn.educacion.navarra.es\/web\/?p=5819"},"modified":"2023-09-27T08:57:52","modified_gmt":"2023-09-27T06:57:52","slug":"xxxi-semana-cultural-hispano-alemana-31-spanisch-deutsche-kulturwoche","status":"publish","type":"post","link":"https:\/\/cppaderborn.educacion.navarra.es\/web\/blog\/xxxi-semana-cultural-hispano-alemana-31-spanisch-deutsche-kulturwoche\/","title":{"rendered":"XXXI Semana cultural hispano-alemana \/ 31. spanisch-deutsche Kulturwoche"},"content":{"rendered":"\n<p>Estimados socias\/os y amigas\/os,\u00a0<\/p>\n\n\n\n<p>adjuntamos el programa de la\u00a0<em>XXXI Semana Cultural hispano-alemana<\/em>\u00a0durante la que se celebar\u00e1 el\u00a0<strong>30 aniversario de nuestra Sociedad<\/strong>.Nos alegrar\u00eda contar con vuestra asistencia a las diferentes actividades que proponemos.\u00a0<\/p>\n\n\n\n<p>Este a\u00f1o difrutaremos de conciertos, cine, un encuentro empresarial e incluso un peque\u00f1o Oktoberfest. Nos acompa\u00f1ar\u00e1n personalidades importantes y el grupo de m\u00fasica Saxaholics procedente de la Escuela de M\u00fasica de Paderborn.\u00a0<\/p>\n\n\n\n<p>La inauguraci\u00f3n tendr\u00e1 lugar el\u00a0<strong>viernes, 6 de octubre<\/strong>\u00a0a las 19.30hs en el Hotel NH Iru\u00f1a Park, Arcadio M\u00aa Larraona, 1 en Pamplona.<\/p>\n\n\n\n<p>Os agradecermos la inscripci\u00f3n en los distintos actos a trav\u00e9s de nuestra p\u00e1gina web:\u00a0\u00a0<a rel=\"noreferrer noopener\" href=\"https:\/\/forms.gle\/qjTYKEBh88EAQS4v7\" target=\"_blank\">Formulario de inscripci\u00f3n<\/a>\u00a0\u00a1Os esperamos!\u00a0Un cordial saludo\u00a0Sociedad hispano-alemana del Norte de Espa\u00f1a\u00a0<\/p>\n\n\n\n<p>*************************************************\u00a0<\/p>\n\n\n\n<p>Liebe Mitglieder und Freunde,\u00a0<\/p>\n\n\n\n<p>anbei \u00fcbersenden wir das Programm der\u00a0<em>31. spanisch-deutschen Kulturwoche<\/em>, in der das\u00a0<strong>30-j\u00e4hrige Bestehen unserer Gesellschaft<\/strong>\u00a0gefeiert wird. Wir w\u00fcrden uns sehr freuen, wenn Sie uns bei diesen Veranstaltungen begleiten k\u00f6nnten.\u00a0\u00a0<\/p>\n\n\n\n<p>In diesem Jahr \u00a0werden wir Konzerte, Kino, ein Gesch\u00e4ftstreffen und sogar ein kleines Oktoberfest erleben. Wir z\u00e4hlen auf die Anwesenheit bekannter Pers\u00f6nlichkeiten und der Gruppe Saxaholiks aus der Stadt Paderborn, die die Er\u00f6ffnungszeremonie musikalisch begleiten wird.\u00a0<\/p>\n\n\n\n<p>Die\u00a0<strong>Er\u00f6ffnungsveranstaltung<\/strong>\u00a0findet am Freitag, den\u00a0<strong>6. Oktober<\/strong>\u00a0um 19.30 Uhr im Hotel NH Iru\u00f1a Park, Arcadio M\u00aa Larraona, 1 in Pamplona.\u00a0<\/p>\n\n\n\n<p>Wir bitten um Ihre Anmeldung zu den Veranstaltungen \u00fcber unsere Website:\u00a0<a rel=\"noreferrer noopener\" href=\"https:\/\/forms.gle\/qjTYKEBh88EAQS4v7\" target=\"_blank\">Information und Anmeldungen<\/a>\u00a0<\/p>\n\n\n\n<p>Wir freuen uns auf Ihre Anwesenheit!\u00a0Mit besten Gr\u00fc\u00dfen<br>Deutsch-spanische Gesellschaft Nordspaniens<\/p>\n\n\n\n<p>C\/Sang\u00fcesa 6, 1\u00ba<br>31003 Pamplona<br>Tel 948 23 67 00<a href=\"mailto:info@sociedadhsipanoelamana.com\" target=\"_blank\" rel=\"noreferrer noopener\">info@sociedadhsipanoelamana.com<\/a><\/p>\n","protected":false},"excerpt":{"rendered":"<p>Estimados socias\/os y amigas\/os,\u00a0 adjuntamos el programa de la\u00a0XXXI Semana Cultural hispano-alemana\u00a0durante la que se celebar\u00e1 el\u00a030 aniversario de nuestra Sociedad.Nos alegrar\u00eda contar con vuestra asistencia a las diferentes actividades que proponemos.\u00a0 Este a\u00f1o difrutaremos de conciertos, cine, un encuentro empresarial e incluso un peque\u00f1o Oktoberfest. Nos acompa\u00f1ar\u00e1n personalidades importantes y el grupo de m\u00fasica [&hellip;]<\/p>\n","protected":false},"author":3,"featured_media":3036,"comment_status":"open","ping_status":"open","sticky":false,"template":"","format":"standard","meta":{"_genesis_hide_title":false,"_genesis_hide_breadcrumbs":false,"_genesis_hide_singular_image":false,"_genesis_hide_footer_widgets":false,"_genesis_custom_body_class":"","_genesis_custom_post_class":"","_genesis_layout":"","jetpack_post_was_ever_published":false,"_jetpack_newsletter_access":"","_jetpack_dont_email_post_to_subs":false,"_jetpack_newsletter_tier_id":0,"_jetpack_memberships_contains_paywalled_content":false,"footnotes":"","_jetpack_memberships_contains_paid_content":false,"jetpack_publicize_message":"","jetpack_publicize_feature_enabled":true,"jetpack_social_post_already_shared":true,"jetpack_social_options":{"image_generator_settings":{"template":"highway","enabled":false}}},"categories":[1,62],"tags":[],"jetpack_publicize_connections":[],"jetpack_featured_media_url":"https:\/\/cppaderborn.educacion.navarra.es\/web\/wp-content\/uploads\/2021\/06\/20210621_105944-scaled.jpg","jetpack_sharing_enabled":true,"jetpack_likes_enabled":true,"_links":{"self":[{"href":"https:\/\/cppaderborn.educacion.navarra.es\/web\/wp-json\/wp\/v2\/posts\/5819"}],"collection":[{"href":"https:\/\/cppaderborn.educacion.navarra.es\/web\/wp-json\/wp\/v2\/posts"}],"about":[{"href":"https:\/\/cppaderborn.educacion.navarra.es\/web\/wp-json\/wp\/v2\/types\/post"}],"author":[{"embeddable":true,"href":"https:\/\/cppaderborn.educacion.navarra.es\/web\/wp-json\/wp\/v2\/users\/3"}],"replies":[{"embeddable":true,"href":"https:\/\/cppaderborn.educacion.navarra.es\/web\/wp-json\/wp\/v2\/comments?post=5819"}],"version-history":[{"count":1,"href":"https:\/\/cppaderborn.educacion.navarra.es\/web\/wp-json\/wp\/v2\/posts\/5819\/revisions"}],"predecessor-version":[{"id":5820,"href":"https:\/\/cppaderborn.educacion.navarra.es\/web\/wp-json\/wp\/v2\/posts\/5819\/revisions\/5820"}],"wp:featuredmedia":[{"embeddable":true,"href":"https:\/\/cppaderborn.educacion.navarra.es\/web\/wp-json\/wp\/v2\/media\/3036"}],"wp:attachment":[{"href":"https:\/\/cppaderborn.educacion.navarra.es\/web\/wp-json\/wp\/v2\/media?parent=5819"}],"wp:term":[{"taxonomy":"category","embeddable":true,"href":"https:\/\/cppaderborn.educacion.navarra.es\/web\/wp-json\/wp\/v2\/categories?post=5819"},{"taxonomy":"post_tag","embeddable":true,"href":"https:\/\/cppaderborn.educacion.navarra.es\/web\/wp-json\/wp\/v2\/tags?post=5819"}],"curies":[{"name":"wp","href":"https:\/\/api.w.org\/{rel}","templated":true}]}}