{"id":6086,"date":"2024-02-01T16:20:45","date_gmt":"2024-02-01T15:20:45","guid":{"rendered":"https:\/\/cppaderborn.educacion.navarra.es\/web\/?p=6086"},"modified":"2024-02-01T16:20:47","modified_gmt":"2024-02-01T15:20:47","slug":"calendario-de-actuaciones-de-la-eleccion-de-modalidad-de-jornada-escolar","status":"publish","type":"post","link":"https:\/\/cppaderborn.educacion.navarra.es\/web\/blog\/calendario-de-actuaciones-de-la-eleccion-de-modalidad-de-jornada-escolar\/","title":{"rendered":"Calendario de actuaciones de la elecci\u00f3n de modalidad\u00a0de jornada escolar"},"content":{"rendered":"\n<p>En el Consejo Escolar celebrado\u00a0el\u00a0martes 9 de enero se vot\u00f3 a favor del cambio a jornada continua.\u00a0<\/p>\n\n\n\n<p>Tras recibir el&nbsp;visto bueno del Departamento de Educaci\u00f3n&nbsp;se di\u00f3 por iniciado el procedimiento de consulta y ya no podr\u00e1 repetirse, al menos, hasta dentro de 4 cursos.<\/p>\n\n\n\n<p>Las familias tendr\u00e9is la posibilidad de votar y decidir qu\u00e9 jornada escolar dese\u00e1is para vuestros hijos e hijas a partir del curso 2024\/25.<\/p>\n\n\n\n<p>A continuaci\u00f3n encontrar\u00e9is el calendario\u00a0de actuaciones.<\/p>\n\n\n<a href=\"https:\/\/cppaderborn.educacion.navarra.es\/web\/wp-content\/uploads\/2024\/02\/Calendario-cambio-jornada-24-25.pdf\" class=\"pdfemb-viewer\" style=\"\" data-width=\"max\" data-height=\"max\" data-toolbar=\"bottom\" data-toolbar-fixed=\"off\">Calendario-cambio-jornada-24-25<\/a>\n<p class=\"wp-block-pdfemb-pdf-embedder-viewer\"><\/p>\n","protected":false},"excerpt":{"rendered":"<p>En el Consejo Escolar celebrado\u00a0el\u00a0martes 9 de enero se vot\u00f3 a favor del cambio a jornada continua.\u00a0 Tras recibir el&nbsp;visto bueno del Departamento de Educaci\u00f3n&nbsp;se di\u00f3 por iniciado el procedimiento de consulta y ya no podr\u00e1 repetirse, al menos, hasta dentro de 4 cursos. Las familias tendr\u00e9is la posibilidad de votar y decidir qu\u00e9 jornada [&hellip;]<\/p>\n","protected":false},"author":3,"featured_media":6088,"comment_status":"open","ping_status":"open","sticky":false,"template":"","format":"standard","meta":{"_genesis_hide_title":false,"_genesis_hide_breadcrumbs":false,"_genesis_hide_singular_image":false,"_genesis_hide_footer_widgets":false,"_genesis_custom_body_class":"","_genesis_custom_post_class":"","_genesis_layout":"","jetpack_post_was_ever_published":false,"_jetpack_newsletter_access":"","_jetpack_dont_email_post_to_subs":false,"_jetpack_newsletter_tier_id":0,"_jetpack_memberships_contains_paywalled_content":false,"footnotes":"","_jetpack_memberships_contains_paid_content":false,"jetpack_publicize_message":"","jetpack_publicize_feature_enabled":true,"jetpack_social_post_already_shared":true,"jetpack_social_options":{"image_generator_settings":{"template":"highway","enabled":false}}},"categories":[1],"tags":[],"jetpack_publicize_connections":[],"jetpack_featured_media_url":"https:\/\/cppaderborn.educacion.navarra.es\/web\/wp-content\/uploads\/2024\/02\/calendario-cambio-jornada-web.jpg","jetpack_sharing_enabled":true,"jetpack_likes_enabled":true,"_links":{"self":[{"href":"https:\/\/cppaderborn.educacion.navarra.es\/web\/wp-json\/wp\/v2\/posts\/6086"}],"collection":[{"href":"https:\/\/cppaderborn.educacion.navarra.es\/web\/wp-json\/wp\/v2\/posts"}],"about":[{"href":"https:\/\/cppaderborn.educacion.navarra.es\/web\/wp-json\/wp\/v2\/types\/post"}],"author":[{"embeddable":true,"href":"https:\/\/cppaderborn.educacion.navarra.es\/web\/wp-json\/wp\/v2\/users\/3"}],"replies":[{"embeddable":true,"href":"https:\/\/cppaderborn.educacion.navarra.es\/web\/wp-json\/wp\/v2\/comments?post=6086"}],"version-history":[{"count":1,"href":"https:\/\/cppaderborn.educacion.navarra.es\/web\/wp-json\/wp\/v2\/posts\/6086\/revisions"}],"predecessor-version":[{"id":6089,"href":"https:\/\/cppaderborn.educacion.navarra.es\/web\/wp-json\/wp\/v2\/posts\/6086\/revisions\/6089"}],"wp:featuredmedia":[{"embeddable":true,"href":"https:\/\/cppaderborn.educacion.navarra.es\/web\/wp-json\/wp\/v2\/media\/6088"}],"wp:attachment":[{"href":"https:\/\/cppaderborn.educacion.navarra.es\/web\/wp-json\/wp\/v2\/media?parent=6086"}],"wp:term":[{"taxonomy":"category","embeddable":true,"href":"https:\/\/cppaderborn.educacion.navarra.es\/web\/wp-json\/wp\/v2\/categories?post=6086"},{"taxonomy":"post_tag","embeddable":true,"href":"https:\/\/cppaderborn.educacion.navarra.es\/web\/wp-json\/wp\/v2\/tags?post=6086"}],"curies":[{"name":"wp","href":"https:\/\/api.w.org\/{rel}","templated":true}]}}