{"id":6096,"date":"2024-02-05T13:07:00","date_gmt":"2024-02-05T12:07:00","guid":{"rendered":"https:\/\/cppaderborn.educacion.navarra.es\/web\/?p=6096"},"modified":"2024-02-05T13:07:01","modified_gmt":"2024-02-05T12:07:01","slug":"taller-de-creacion-con-residuos-en-1er-ciclo-de-primaria","status":"publish","type":"post","link":"https:\/\/cppaderborn.educacion.navarra.es\/web\/blog\/taller-de-creacion-con-residuos-en-1er-ciclo-de-primaria\/","title":{"rendered":"Taller de creaci\u00f3n con residuos en 1er ciclo de Primaria"},"content":{"rendered":"\n<p><strong><em>Escrito por las tutoras y tutores de 1\u00ba y 2\u00ba de Primaria.<\/em><\/strong><\/p>\n\n\n\n<p>El alumnado de 1\u00ba y 2\u00ba de Primaria han realizado un taller de creaci\u00f3n con residuos con el Programa de Educaci\u00f3n Ambiental Escolar de la Mancomunidad de la Comarca de Pamplona.<\/p>\n\n\n\n<p>En dicho taller han puesto a prueba su creatividad, creando paisajes acu\u00e1ticos y los diferentes seres vivos que conviven en \u00e9l.<\/p>\n\n\n\n<p>Adem\u00e1s han&nbsp;&nbsp;reflexionado sobre la gran cantidad de residuos que producimos&nbsp; a trav\u00e9s&nbsp;de unas im\u00e1genes. Se ha&nbsp;&nbsp;repasado el sencillo proceso de separar bien los residuos para reciclar y proteger la naturaleza.<\/p>\n\n\n\n<p>\u00a1Nuestra aulas han\u00a0quedado chul\u00edsimas con esta creaci\u00f3n art\u00edstica!\u00a0<\/p>\n\n\n\n<figure class=\"wp-block-embed is-type-video is-provider-youtube wp-block-embed-youtube wp-embed-aspect-16-9 wp-has-aspect-ratio\"><div class=\"wp-block-embed__wrapper\">\n<iframe title=\"Taller de creaci\u00f3n con residuos en 1er ciclo de Primaria\" width=\"500\" height=\"281\" src=\"https:\/\/www.youtube.com\/embed\/gv4fk5zXgig?feature=oembed\" frameborder=\"0\" allow=\"accelerometer; autoplay; clipboard-write; encrypted-media; gyroscope; picture-in-picture; web-share\" allowfullscreen><\/iframe>\n<\/div><\/figure>\n","protected":false},"excerpt":{"rendered":"<p>Escrito por las tutoras y tutores de 1\u00ba y 2\u00ba de Primaria. El alumnado de 1\u00ba y 2\u00ba de Primaria han realizado un taller de creaci\u00f3n con residuos con el Programa de Educaci\u00f3n Ambiental Escolar de la Mancomunidad de la Comarca de Pamplona. En dicho taller han puesto a prueba su creatividad, creando paisajes acu\u00e1ticos [&hellip;]<\/p>\n","protected":false},"author":3,"featured_media":6097,"comment_status":"open","ping_status":"open","sticky":false,"template":"","format":"standard","meta":{"_genesis_hide_title":false,"_genesis_hide_breadcrumbs":false,"_genesis_hide_singular_image":false,"_genesis_hide_footer_widgets":false,"_genesis_custom_body_class":"","_genesis_custom_post_class":"","_genesis_layout":"","jetpack_post_was_ever_published":false,"_jetpack_newsletter_access":"","_jetpack_dont_email_post_to_subs":false,"_jetpack_newsletter_tier_id":0,"_jetpack_memberships_contains_paywalled_content":false,"footnotes":"","_jetpack_memberships_contains_paid_content":false,"jetpack_publicize_message":"","jetpack_publicize_feature_enabled":true,"jetpack_social_post_already_shared":true,"jetpack_social_options":{"image_generator_settings":{"template":"highway","enabled":false}}},"categories":[11,1],"tags":[],"jetpack_publicize_connections":[],"jetpack_featured_media_url":"https:\/\/cppaderborn.educacion.navarra.es\/web\/wp-content\/uploads\/2024\/02\/residuos1erciclo.jpg","jetpack_sharing_enabled":true,"jetpack_likes_enabled":true,"_links":{"self":[{"href":"https:\/\/cppaderborn.educacion.navarra.es\/web\/wp-json\/wp\/v2\/posts\/6096"}],"collection":[{"href":"https:\/\/cppaderborn.educacion.navarra.es\/web\/wp-json\/wp\/v2\/posts"}],"about":[{"href":"https:\/\/cppaderborn.educacion.navarra.es\/web\/wp-json\/wp\/v2\/types\/post"}],"author":[{"embeddable":true,"href":"https:\/\/cppaderborn.educacion.navarra.es\/web\/wp-json\/wp\/v2\/users\/3"}],"replies":[{"embeddable":true,"href":"https:\/\/cppaderborn.educacion.navarra.es\/web\/wp-json\/wp\/v2\/comments?post=6096"}],"version-history":[{"count":1,"href":"https:\/\/cppaderborn.educacion.navarra.es\/web\/wp-json\/wp\/v2\/posts\/6096\/revisions"}],"predecessor-version":[{"id":6098,"href":"https:\/\/cppaderborn.educacion.navarra.es\/web\/wp-json\/wp\/v2\/posts\/6096\/revisions\/6098"}],"wp:featuredmedia":[{"embeddable":true,"href":"https:\/\/cppaderborn.educacion.navarra.es\/web\/wp-json\/wp\/v2\/media\/6097"}],"wp:attachment":[{"href":"https:\/\/cppaderborn.educacion.navarra.es\/web\/wp-json\/wp\/v2\/media?parent=6096"}],"wp:term":[{"taxonomy":"category","embeddable":true,"href":"https:\/\/cppaderborn.educacion.navarra.es\/web\/wp-json\/wp\/v2\/categories?post=6096"},{"taxonomy":"post_tag","embeddable":true,"href":"https:\/\/cppaderborn.educacion.navarra.es\/web\/wp-json\/wp\/v2\/tags?post=6096"}],"curies":[{"name":"wp","href":"https:\/\/api.w.org\/{rel}","templated":true}]}}