{"id":6099,"date":"2024-02-06T08:58:00","date_gmt":"2024-02-06T07:58:00","guid":{"rendered":"https:\/\/cppaderborn.educacion.navarra.es\/web\/?p=6099"},"modified":"2024-02-07T09:07:53","modified_gmt":"2024-02-07T08:07:53","slug":"1a-participacion-del-colegio-en-la-first-lego-league","status":"publish","type":"post","link":"https:\/\/cppaderborn.educacion.navarra.es\/web\/blog\/1a-participacion-del-colegio-en-la-first-lego-league\/","title":{"rendered":"1\u00aa Participaci\u00f3n del colegio en la First Lego League"},"content":{"rendered":"\n<p>Nuestro colegio va a ser representado por primera vez en su historia en este reconocido programa educativo. Lo va a hacer gracias al excelente trabajo llevado a cabo en una actividad extraescolar organizada por la APYMA Paderborn. Se participa en la categor\u00eda Explore (6 a 9 a\u00f1os) y la tem\u00e1tica elegida es \u00ab<strong><em>Masterpiece: Conciertos<\/em><\/strong>\u00ab.<\/p>\n\n\n\n<p>Este a\u00f1o la competici\u00f3n ser\u00e1 el pr\u00f3ximo s\u00e1bado d\u00eda 10 de febrero y tendr\u00e1 lugar en el Planetario de Pamplona. <a href=\"https:\/\/firstlegoleague.soy\/eventos-2023-24-masterpiece\/\" data-type=\"link\" data-id=\"https:\/\/firstlegoleague.soy\/eventos-2023-24-masterpiece\/\" target=\"_blank\" rel=\"noreferrer noopener\">Aqu\u00ed puede encontrar la informaci\u00f3n de la organizaci\u00f3n del evento<\/a> y <a href=\"https:\/\/www.apymapaderborn.com\/campeonato-first-lego-league-navarra\/\" data-type=\"link\" data-id=\"https:\/\/www.apymapaderborn.com\/campeonato-first-lego-league-navarra\/\" target=\"_blank\" rel=\"noreferrer noopener\">en la p\u00e1gina web de la APYMA Paderborn fotos y un v\u00eddeo<\/a> de la \u00faltima clase de preparaci\u00f3n para el campeonato.<\/p>\n\n\n\n<p>La agenda ser\u00e1 la siguiente:<\/p>\n\n\n\n<ul>\n<li><em>8:45 &#8211; 9:00 sala de conferencias<\/em><\/li>\n\n\n\n<li><em>9:10 ceremonia<\/em><\/li>\n\n\n\n<li><em>9:30 exposici\u00f3n<\/em><\/li>\n\n\n\n<li><em>12:15 fin<\/em><\/li>\n\n\n\n<li><em>13:00 cierre<\/em><\/li>\n<\/ul>\n\n\n\n<p>Durante la ma\u00f1ana les dar\u00e1n fruta para almorzar y un diploma.<\/p>\n\n\n\n<p>La exposici\u00f3n dura solo 15 minutos ante un jurado en una sala. El resto del tiempo, estar\u00e1n en el pasillo junto con los otros 10 equipos que se presentan y puedan ver y hablar con los dem\u00e1s equipos.<\/p>\n\n\n\n<p>\u00a1Muchas gracias! Danke!<\/p>\n\n\n\n<figure class=\"wp-block-embed is-type-video is-provider-youtube wp-block-embed-youtube wp-embed-aspect-16-9 wp-has-aspect-ratio\"><div class=\"wp-block-embed__wrapper\">\n<iframe title=\"1\u00aa Participaci\u00f3n del colegio en la First Lego League\" width=\"500\" height=\"281\" src=\"https:\/\/www.youtube.com\/embed\/P51nfcaQsJc?feature=oembed\" frameborder=\"0\" allow=\"accelerometer; autoplay; clipboard-write; encrypted-media; gyroscope; picture-in-picture; web-share\" allowfullscreen><\/iframe>\n<\/div><figcaption class=\"wp-element-caption\">V\u00eddeo y foto de la noticia de la APYMA Paderborn<\/figcaption><\/figure>\n","protected":false},"excerpt":{"rendered":"<p>Nuestro colegio va a ser representado por primera vez en su historia en este reconocido programa educativo. Lo va a hacer gracias al excelente trabajo llevado a cabo en una actividad extraescolar organizada por la APYMA Paderborn. Se participa en la categor\u00eda Explore (6 a 9 a\u00f1os) y la tem\u00e1tica elegida es \u00abMasterpiece: Conciertos\u00ab. Este [&hellip;]<\/p>\n","protected":false},"author":3,"featured_media":6100,"comment_status":"open","ping_status":"open","sticky":false,"template":"","format":"standard","meta":{"_genesis_hide_title":false,"_genesis_hide_breadcrumbs":false,"_genesis_hide_singular_image":false,"_genesis_hide_footer_widgets":false,"_genesis_custom_body_class":"","_genesis_custom_post_class":"","_genesis_layout":"","jetpack_post_was_ever_published":false,"_jetpack_newsletter_access":"","_jetpack_dont_email_post_to_subs":false,"_jetpack_newsletter_tier_id":0,"_jetpack_memberships_contains_paywalled_content":false,"footnotes":"","_jetpack_memberships_contains_paid_content":false,"jetpack_publicize_message":"","jetpack_publicize_feature_enabled":true,"jetpack_social_post_already_shared":true,"jetpack_social_options":{"image_generator_settings":{"template":"highway","enabled":false}}},"categories":[11,1,62],"tags":[],"jetpack_publicize_connections":[],"jetpack_featured_media_url":"https:\/\/cppaderborn.educacion.navarra.es\/web\/wp-content\/uploads\/2024\/02\/IMG-20240204-WA0008-768x1024-1.jpg","jetpack_sharing_enabled":true,"jetpack_likes_enabled":true,"_links":{"self":[{"href":"https:\/\/cppaderborn.educacion.navarra.es\/web\/wp-json\/wp\/v2\/posts\/6099"}],"collection":[{"href":"https:\/\/cppaderborn.educacion.navarra.es\/web\/wp-json\/wp\/v2\/posts"}],"about":[{"href":"https:\/\/cppaderborn.educacion.navarra.es\/web\/wp-json\/wp\/v2\/types\/post"}],"author":[{"embeddable":true,"href":"https:\/\/cppaderborn.educacion.navarra.es\/web\/wp-json\/wp\/v2\/users\/3"}],"replies":[{"embeddable":true,"href":"https:\/\/cppaderborn.educacion.navarra.es\/web\/wp-json\/wp\/v2\/comments?post=6099"}],"version-history":[{"count":2,"href":"https:\/\/cppaderborn.educacion.navarra.es\/web\/wp-json\/wp\/v2\/posts\/6099\/revisions"}],"predecessor-version":[{"id":6108,"href":"https:\/\/cppaderborn.educacion.navarra.es\/web\/wp-json\/wp\/v2\/posts\/6099\/revisions\/6108"}],"wp:featuredmedia":[{"embeddable":true,"href":"https:\/\/cppaderborn.educacion.navarra.es\/web\/wp-json\/wp\/v2\/media\/6100"}],"wp:attachment":[{"href":"https:\/\/cppaderborn.educacion.navarra.es\/web\/wp-json\/wp\/v2\/media?parent=6099"}],"wp:term":[{"taxonomy":"category","embeddable":true,"href":"https:\/\/cppaderborn.educacion.navarra.es\/web\/wp-json\/wp\/v2\/categories?post=6099"},{"taxonomy":"post_tag","embeddable":true,"href":"https:\/\/cppaderborn.educacion.navarra.es\/web\/wp-json\/wp\/v2\/tags?post=6099"}],"curies":[{"name":"wp","href":"https:\/\/api.w.org\/{rel}","templated":true}]}}