{"id":6112,"date":"2024-02-07T15:02:40","date_gmt":"2024-02-07T14:02:40","guid":{"rendered":"https:\/\/cppaderborn.educacion.navarra.es\/web\/?p=6112"},"modified":"2024-02-07T15:02:41","modified_gmt":"2024-02-07T14:02:41","slug":"festival-de-carnaval-los-superheroes-y-superheroinas-de-las-emociones","status":"publish","type":"post","link":"https:\/\/cppaderborn.educacion.navarra.es\/web\/blog\/festival-de-carnaval-los-superheroes-y-superheroinas-de-las-emociones\/","title":{"rendered":"Festival de Carnaval: \u00abLos superh\u00e9roes y superhero\u00ednas de las emociones\u00bb"},"content":{"rendered":"\n<p>Estimadas familias:<\/p>\n\n\n\n<p>El pr\u00f3ximo viernes d\u00eda 9 de febrero&nbsp;celebraremos el festival de carnaval cuyo t\u00edtulo es \u00abLos superh\u00e9roes y superhero\u00ednas de las emociones\u00bb.<\/p>\n\n\n\n<p>Se celebrar\u00e1 un festival para educaci\u00f3n infantil y otro para educaci\u00f3n primaria, en el gimnasio.<\/p>\n\n\n\n<p><strong>Cartel de Ed. Infantil<\/strong>: dar\u00e1 comienzo a las 9:40 h.<\/p>\n\n\n\n<figure class=\"wp-block-image size-large\"><a href=\"https:\/\/cppaderborn.educacion.navarra.es\/web\/wp-content\/uploads\/2024\/02\/carnaval-2024-infantil.jpg\"><img fetchpriority=\"high\" decoding=\"async\" width=\"724\" height=\"1024\" src=\"https:\/\/cppaderborn.educacion.navarra.es\/web\/wp-content\/uploads\/2024\/02\/carnaval-2024-infantil-724x1024.jpg\" alt=\"\" class=\"wp-image-6113\" srcset=\"https:\/\/cppaderborn.educacion.navarra.es\/web\/wp-content\/uploads\/2024\/02\/carnaval-2024-infantil-724x1024.jpg 724w, https:\/\/cppaderborn.educacion.navarra.es\/web\/wp-content\/uploads\/2024\/02\/carnaval-2024-infantil-212x300.jpg 212w, https:\/\/cppaderborn.educacion.navarra.es\/web\/wp-content\/uploads\/2024\/02\/carnaval-2024-infantil-768x1086.jpg 768w, https:\/\/cppaderborn.educacion.navarra.es\/web\/wp-content\/uploads\/2024\/02\/carnaval-2024-infantil-1086x1536.jpg 1086w, https:\/\/cppaderborn.educacion.navarra.es\/web\/wp-content\/uploads\/2024\/02\/carnaval-2024-infantil.jpg 1414w\" sizes=\"(max-width: 724px) 100vw, 724px\" \/><\/a><\/figure>\n\n\n\n<p><strong>Cartel de Ed. Primaria<\/strong>: dar\u00e1 comienzo a las 11:40 h.<\/p>\n\n\n\n<figure class=\"wp-block-image size-large\"><a href=\"https:\/\/cppaderborn.educacion.navarra.es\/web\/wp-content\/uploads\/2024\/02\/carnaval-2024-primaria.jpg\"><img decoding=\"async\" width=\"724\" height=\"1024\" src=\"https:\/\/cppaderborn.educacion.navarra.es\/web\/wp-content\/uploads\/2024\/02\/carnaval-2024-primaria-724x1024.jpg\" alt=\"\" class=\"wp-image-6114\" srcset=\"https:\/\/cppaderborn.educacion.navarra.es\/web\/wp-content\/uploads\/2024\/02\/carnaval-2024-primaria-724x1024.jpg 724w, https:\/\/cppaderborn.educacion.navarra.es\/web\/wp-content\/uploads\/2024\/02\/carnaval-2024-primaria-212x300.jpg 212w, https:\/\/cppaderborn.educacion.navarra.es\/web\/wp-content\/uploads\/2024\/02\/carnaval-2024-primaria-768x1086.jpg 768w, https:\/\/cppaderborn.educacion.navarra.es\/web\/wp-content\/uploads\/2024\/02\/carnaval-2024-primaria-1086x1536.jpg 1086w, https:\/\/cppaderborn.educacion.navarra.es\/web\/wp-content\/uploads\/2024\/02\/carnaval-2024-primaria.jpg 1414w\" sizes=\"(max-width: 724px) 100vw, 724px\" \/><\/a><\/figure>\n\n\n\n<p>\u00a1Os esperamos!<\/p>\n","protected":false},"excerpt":{"rendered":"<p>Estimadas familias: El pr\u00f3ximo viernes d\u00eda 9 de febrero&nbsp;celebraremos el festival de carnaval cuyo t\u00edtulo es \u00abLos superh\u00e9roes y superhero\u00ednas de las emociones\u00bb. Se celebrar\u00e1 un festival para educaci\u00f3n infantil y otro para educaci\u00f3n primaria, en el gimnasio. Cartel de Ed. Infantil: dar\u00e1 comienzo a las 9:40 h. Cartel de Ed. Primaria: dar\u00e1 comienzo a [&hellip;]<\/p>\n","protected":false},"author":3,"featured_media":6115,"comment_status":"open","ping_status":"open","sticky":false,"template":"","format":"standard","meta":{"_genesis_hide_title":false,"_genesis_hide_breadcrumbs":false,"_genesis_hide_singular_image":false,"_genesis_hide_footer_widgets":false,"_genesis_custom_body_class":"","_genesis_custom_post_class":"","_genesis_layout":"","jetpack_post_was_ever_published":false,"_jetpack_newsletter_access":"","_jetpack_dont_email_post_to_subs":false,"_jetpack_newsletter_tier_id":0,"_jetpack_memberships_contains_paywalled_content":false,"footnotes":"","_jetpack_memberships_contains_paid_content":false,"jetpack_publicize_message":"","jetpack_publicize_feature_enabled":true,"jetpack_social_post_already_shared":true,"jetpack_social_options":{"image_generator_settings":{"template":"highway","enabled":false}}},"categories":[11,1],"tags":[],"jetpack_publicize_connections":[],"jetpack_featured_media_url":"https:\/\/cppaderborn.educacion.navarra.es\/web\/wp-content\/uploads\/2024\/02\/carnaval-2024-infantil-1.jpg","jetpack_sharing_enabled":true,"jetpack_likes_enabled":true,"_links":{"self":[{"href":"https:\/\/cppaderborn.educacion.navarra.es\/web\/wp-json\/wp\/v2\/posts\/6112"}],"collection":[{"href":"https:\/\/cppaderborn.educacion.navarra.es\/web\/wp-json\/wp\/v2\/posts"}],"about":[{"href":"https:\/\/cppaderborn.educacion.navarra.es\/web\/wp-json\/wp\/v2\/types\/post"}],"author":[{"embeddable":true,"href":"https:\/\/cppaderborn.educacion.navarra.es\/web\/wp-json\/wp\/v2\/users\/3"}],"replies":[{"embeddable":true,"href":"https:\/\/cppaderborn.educacion.navarra.es\/web\/wp-json\/wp\/v2\/comments?post=6112"}],"version-history":[{"count":1,"href":"https:\/\/cppaderborn.educacion.navarra.es\/web\/wp-json\/wp\/v2\/posts\/6112\/revisions"}],"predecessor-version":[{"id":6116,"href":"https:\/\/cppaderborn.educacion.navarra.es\/web\/wp-json\/wp\/v2\/posts\/6112\/revisions\/6116"}],"wp:featuredmedia":[{"embeddable":true,"href":"https:\/\/cppaderborn.educacion.navarra.es\/web\/wp-json\/wp\/v2\/media\/6115"}],"wp:attachment":[{"href":"https:\/\/cppaderborn.educacion.navarra.es\/web\/wp-json\/wp\/v2\/media?parent=6112"}],"wp:term":[{"taxonomy":"category","embeddable":true,"href":"https:\/\/cppaderborn.educacion.navarra.es\/web\/wp-json\/wp\/v2\/categories?post=6112"},{"taxonomy":"post_tag","embeddable":true,"href":"https:\/\/cppaderborn.educacion.navarra.es\/web\/wp-json\/wp\/v2\/tags?post=6112"}],"curies":[{"name":"wp","href":"https:\/\/api.w.org\/{rel}","templated":true}]}}