{"id":6170,"date":"2024-03-01T13:20:04","date_gmt":"2024-03-01T12:20:04","guid":{"rendered":"https:\/\/cppaderborn.educacion.navarra.es\/web\/?p=6170"},"modified":"2024-03-01T13:20:06","modified_gmt":"2024-03-01T12:20:06","slug":"superheroes-y-superheroinas-en-nuestro-carnaval","status":"publish","type":"post","link":"https:\/\/cppaderborn.educacion.navarra.es\/web\/blog\/superheroes-y-superheroinas-en-nuestro-carnaval\/","title":{"rendered":"Superh\u00e9roes y superhero\u00ednas en nuestro Carnaval"},"content":{"rendered":"\n<p>El 9 de febrero del 2024 nuestro alumnado se convirti\u00f3&nbsp;en diferentes&nbsp;superh\u00e9roes y superhero\u00ednas de las emociones.<\/p>\n\n\n\n<p>El alumnado de sexto hizo de hilo conductor representando c\u00f3mo funciona la mente de una ni\u00f1a.&nbsp; Eran cinco superh\u00e9roes y superhero\u00ednas que representaban las emociones de alegr\u00eda, tristeza, miedo, ira y amor.&nbsp; Estaban en la mente de la ni\u00f1a, ayud\u00e1ndole a relacionarse&nbsp;con el mundo.<\/p>\n\n\n\n<p>El resto de los cursos participaron en las distintas escenas con sus actuaciones relacionadas con&nbsp;cada emoci\u00f3n.<\/p>\n\n\n\n<p>Aprendimos que todas nuestras emociones son igual de importantes y que no debemos esconder ni huir de ellas sino escucharlas.<\/p>\n\n\n\n<figure class=\"wp-block-embed is-type-video is-provider-youtube wp-block-embed-youtube wp-embed-aspect-16-9 wp-has-aspect-ratio\"><div class=\"wp-block-embed__wrapper\">\n<iframe title=\"CARNAVAL 2024\" width=\"500\" height=\"281\" src=\"https:\/\/www.youtube.com\/embed\/MFCBRm1goWQ?feature=oembed\" frameborder=\"0\" allow=\"accelerometer; autoplay; clipboard-write; encrypted-media; gyroscope; picture-in-picture; web-share\" allowfullscreen><\/iframe>\n<\/div><\/figure>\n","protected":false},"excerpt":{"rendered":"<p>El 9 de febrero del 2024 nuestro alumnado se convirti\u00f3&nbsp;en diferentes&nbsp;superh\u00e9roes y superhero\u00ednas de las emociones. El alumnado de sexto hizo de hilo conductor representando c\u00f3mo funciona la mente de una ni\u00f1a.&nbsp; Eran cinco superh\u00e9roes y superhero\u00ednas que representaban las emociones de alegr\u00eda, tristeza, miedo, ira y amor.&nbsp; Estaban en la mente de la ni\u00f1a, [&hellip;]<\/p>\n","protected":false},"author":3,"featured_media":6171,"comment_status":"open","ping_status":"open","sticky":false,"template":"","format":"standard","meta":{"_genesis_hide_title":false,"_genesis_hide_breadcrumbs":false,"_genesis_hide_singular_image":false,"_genesis_hide_footer_widgets":false,"_genesis_custom_body_class":"","_genesis_custom_post_class":"","_genesis_layout":"","jetpack_post_was_ever_published":false,"_jetpack_newsletter_access":"","_jetpack_dont_email_post_to_subs":false,"_jetpack_newsletter_tier_id":0,"_jetpack_memberships_contains_paywalled_content":false,"footnotes":"","_jetpack_memberships_contains_paid_content":false,"jetpack_publicize_message":"","jetpack_publicize_feature_enabled":true,"jetpack_social_post_already_shared":true,"jetpack_social_options":{"image_generator_settings":{"template":"highway","enabled":false}}},"categories":[11,1,62],"tags":[],"jetpack_publicize_connections":[],"jetpack_featured_media_url":"https:\/\/cppaderborn.educacion.navarra.es\/web\/wp-content\/uploads\/2024\/03\/2024-03-01-13_19_30-Window.jpg","jetpack_sharing_enabled":true,"jetpack_likes_enabled":true,"_links":{"self":[{"href":"https:\/\/cppaderborn.educacion.navarra.es\/web\/wp-json\/wp\/v2\/posts\/6170"}],"collection":[{"href":"https:\/\/cppaderborn.educacion.navarra.es\/web\/wp-json\/wp\/v2\/posts"}],"about":[{"href":"https:\/\/cppaderborn.educacion.navarra.es\/web\/wp-json\/wp\/v2\/types\/post"}],"author":[{"embeddable":true,"href":"https:\/\/cppaderborn.educacion.navarra.es\/web\/wp-json\/wp\/v2\/users\/3"}],"replies":[{"embeddable":true,"href":"https:\/\/cppaderborn.educacion.navarra.es\/web\/wp-json\/wp\/v2\/comments?post=6170"}],"version-history":[{"count":1,"href":"https:\/\/cppaderborn.educacion.navarra.es\/web\/wp-json\/wp\/v2\/posts\/6170\/revisions"}],"predecessor-version":[{"id":6172,"href":"https:\/\/cppaderborn.educacion.navarra.es\/web\/wp-json\/wp\/v2\/posts\/6170\/revisions\/6172"}],"wp:featuredmedia":[{"embeddable":true,"href":"https:\/\/cppaderborn.educacion.navarra.es\/web\/wp-json\/wp\/v2\/media\/6171"}],"wp:attachment":[{"href":"https:\/\/cppaderborn.educacion.navarra.es\/web\/wp-json\/wp\/v2\/media?parent=6170"}],"wp:term":[{"taxonomy":"category","embeddable":true,"href":"https:\/\/cppaderborn.educacion.navarra.es\/web\/wp-json\/wp\/v2\/categories?post=6170"},{"taxonomy":"post_tag","embeddable":true,"href":"https:\/\/cppaderborn.educacion.navarra.es\/web\/wp-json\/wp\/v2\/tags?post=6170"}],"curies":[{"name":"wp","href":"https:\/\/api.w.org\/{rel}","templated":true}]}}