{"id":6223,"date":"2024-03-21T12:51:55","date_gmt":"2024-03-21T11:51:55","guid":{"rendered":"https:\/\/cppaderborn.educacion.navarra.es\/web\/?p=6223"},"modified":"2024-03-21T12:51:58","modified_gmt":"2024-03-21T11:51:58","slug":"saint-patricks-day","status":"publish","type":"post","link":"https:\/\/cppaderborn.educacion.navarra.es\/web\/blog\/saint-patricks-day\/","title":{"rendered":"Saint Patrick\u2019s Day!!"},"content":{"rendered":"\n<p><strong><em>Escrito por Bel\u00e9n Mart\u00ednez Torres, maestra de Ingl\u00e9s<\/em><\/strong><\/p>\n\n\n\n<p>Recientemente nos hemos inmerso en el verde mundo de Saint Patrick. Peque\u00f1os y grandes practicamos la rima en ingl\u00e9s con Limericks. Nuestro pasillo se ha llenado de un verde primaveral\ud83c\udf40\ud83c\udf40\ud83c\udf40\ud83c\udf40\ud83c\udf40\ud83c\udf40\ud83c\udf40<\/p>\n\n\n\n<p>HAPPY SAINT PATRICK\u2019S DAY!!<\/p>\n\n\n","protected":false},"excerpt":{"rendered":"<p>Escrito por Bel\u00e9n Mart\u00ednez Torres, maestra de Ingl\u00e9s Recientemente nos hemos inmerso en el verde mundo de Saint Patrick. Peque\u00f1os y grandes practicamos la rima en ingl\u00e9s con Limericks. Nuestro pasillo se ha llenado de un verde primaveral\ud83c\udf40\ud83c\udf40\ud83c\udf40\ud83c\udf40\ud83c\udf40\ud83c\udf40\ud83c\udf40 HAPPY SAINT PATRICK\u2019S DAY!!<\/p>\n","protected":false},"author":3,"featured_media":6224,"comment_status":"open","ping_status":"open","sticky":false,"template":"","format":"standard","meta":{"_genesis_hide_title":false,"_genesis_hide_breadcrumbs":false,"_genesis_hide_singular_image":false,"_genesis_hide_footer_widgets":false,"_genesis_custom_body_class":"","_genesis_custom_post_class":"","_genesis_layout":"","jetpack_post_was_ever_published":false,"_jetpack_newsletter_access":"","_jetpack_dont_email_post_to_subs":false,"_jetpack_newsletter_tier_id":0,"_jetpack_memberships_contains_paywalled_content":false,"footnotes":"","_jetpack_memberships_contains_paid_content":false,"jetpack_publicize_message":"","jetpack_publicize_feature_enabled":true,"jetpack_social_post_already_shared":true,"jetpack_social_options":{"image_generator_settings":{"template":"highway","enabled":false}}},"categories":[11,17,1],"tags":[],"jetpack_publicize_connections":[],"jetpack_featured_media_url":"https:\/\/cppaderborn.educacion.navarra.es\/web\/wp-content\/uploads\/2024\/03\/FOTO-PORTADA-SAINT-PATRICK\u00b4S-1-scaled.jpg","jetpack_sharing_enabled":true,"jetpack_likes_enabled":true,"_links":{"self":[{"href":"https:\/\/cppaderborn.educacion.navarra.es\/web\/wp-json\/wp\/v2\/posts\/6223"}],"collection":[{"href":"https:\/\/cppaderborn.educacion.navarra.es\/web\/wp-json\/wp\/v2\/posts"}],"about":[{"href":"https:\/\/cppaderborn.educacion.navarra.es\/web\/wp-json\/wp\/v2\/types\/post"}],"author":[{"embeddable":true,"href":"https:\/\/cppaderborn.educacion.navarra.es\/web\/wp-json\/wp\/v2\/users\/3"}],"replies":[{"embeddable":true,"href":"https:\/\/cppaderborn.educacion.navarra.es\/web\/wp-json\/wp\/v2\/comments?post=6223"}],"version-history":[{"count":1,"href":"https:\/\/cppaderborn.educacion.navarra.es\/web\/wp-json\/wp\/v2\/posts\/6223\/revisions"}],"predecessor-version":[{"id":6225,"href":"https:\/\/cppaderborn.educacion.navarra.es\/web\/wp-json\/wp\/v2\/posts\/6223\/revisions\/6225"}],"wp:featuredmedia":[{"embeddable":true,"href":"https:\/\/cppaderborn.educacion.navarra.es\/web\/wp-json\/wp\/v2\/media\/6224"}],"wp:attachment":[{"href":"https:\/\/cppaderborn.educacion.navarra.es\/web\/wp-json\/wp\/v2\/media?parent=6223"}],"wp:term":[{"taxonomy":"category","embeddable":true,"href":"https:\/\/cppaderborn.educacion.navarra.es\/web\/wp-json\/wp\/v2\/categories?post=6223"},{"taxonomy":"post_tag","embeddable":true,"href":"https:\/\/cppaderborn.educacion.navarra.es\/web\/wp-json\/wp\/v2\/tags?post=6223"}],"curies":[{"name":"wp","href":"https:\/\/api.w.org\/{rel}","templated":true}]}}