{"id":6253,"date":"2024-04-16T09:06:05","date_gmt":"2024-04-16T07:06:05","guid":{"rendered":"https:\/\/cppaderborn.educacion.navarra.es\/web\/?p=6253"},"modified":"2024-04-16T09:06:07","modified_gmt":"2024-04-16T07:06:07","slug":"taller-el-viaje-del-aula-de-la-mancomunidad-en-2o-ep","status":"publish","type":"post","link":"https:\/\/cppaderborn.educacion.navarra.es\/web\/blog\/taller-el-viaje-del-aula-de-la-mancomunidad-en-2o-ep\/","title":{"rendered":"Taller el viaje del aula de la Mancomunidad en 2\u00ba EP"},"content":{"rendered":"\n<p><strong><em>Autor\u00eda: tutoras y tutor de 2\u00ba EP<\/em><\/strong><\/p>\n\n\n\n<p>El alumnado de 2\u00ba de Primaria ha\u00a0realizado un taller en el aula, del viaje del agua.\u00a0 Con la colaboraci\u00f3n del Programa de Educaci\u00f3n Ambiental Escolar de la Mancomunidad de la Comarca de Pamplona.<\/p>\n\n\n\n<p>En dicho taller mediante una presentaci\u00f3n de PwP, hemos revisado el viaje que realiza el agua por el ciclo natural y urbano hasta llegar a nuestra casa. Adem\u00e1s&nbsp; sobre una gran alfombra y simulando el juego de la oca&nbsp;hemos&nbsp; jugado;&nbsp;contestando a preguntas, interpretando experimentos y representando acciones relacionadas con el viaje del agua. Para finalizar hemos revisado los usos cotidianos y buenas pr\u00e1cticas para cuidar el agua.<\/p>\n\n\n\n<p>Adem\u00e1s, nos hemos reido, hemos trabajado en equipos y nos hemos mojado, porque de gota a gota y tiro porque me mojan.<\/p>\n\n\n\n<figure class=\"wp-block-embed is-type-video is-provider-youtube wp-block-embed-youtube wp-embed-aspect-16-9 wp-has-aspect-ratio\"><div class=\"wp-block-embed__wrapper\">\n<iframe title=\"El viaje del agua 2\u00ba EP\" width=\"500\" height=\"281\" src=\"https:\/\/www.youtube.com\/embed\/hW15eaT-PUM?feature=oembed\" frameborder=\"0\" allow=\"accelerometer; autoplay; clipboard-write; encrypted-media; gyroscope; picture-in-picture; web-share\" referrerpolicy=\"strict-origin-when-cross-origin\" allowfullscreen><\/iframe>\n<\/div><\/figure>\n","protected":false},"excerpt":{"rendered":"<p>Autor\u00eda: tutoras y tutor de 2\u00ba EP El alumnado de 2\u00ba de Primaria ha\u00a0realizado un taller en el aula, del viaje del agua.\u00a0 Con la colaboraci\u00f3n del Programa de Educaci\u00f3n Ambiental Escolar de la Mancomunidad de la Comarca de Pamplona. En dicho taller mediante una presentaci\u00f3n de PwP, hemos revisado el viaje que realiza el [&hellip;]<\/p>\n","protected":false},"author":3,"featured_media":6254,"comment_status":"open","ping_status":"open","sticky":false,"template":"","format":"standard","meta":{"_genesis_hide_title":false,"_genesis_hide_breadcrumbs":false,"_genesis_hide_singular_image":false,"_genesis_hide_footer_widgets":false,"_genesis_custom_body_class":"","_genesis_custom_post_class":"","_genesis_layout":"","jetpack_post_was_ever_published":false,"_jetpack_newsletter_access":"","_jetpack_dont_email_post_to_subs":false,"_jetpack_newsletter_tier_id":0,"_jetpack_memberships_contains_paywalled_content":false,"footnotes":"","_jetpack_memberships_contains_paid_content":false,"jetpack_publicize_message":"","jetpack_publicize_feature_enabled":true,"jetpack_social_post_already_shared":true,"jetpack_social_options":{"image_generator_settings":{"template":"highway","enabled":false}}},"categories":[11,1],"tags":[],"jetpack_publicize_connections":[],"jetpack_featured_media_url":"https:\/\/cppaderborn.educacion.navarra.es\/web\/wp-content\/uploads\/2024\/04\/2024-04-16-09_03_54-NOTICIA-WEB-cppaderborn-secretaria@educacion.navarra.es-Correo-de-Departamen.jpg","jetpack_sharing_enabled":true,"jetpack_likes_enabled":true,"_links":{"self":[{"href":"https:\/\/cppaderborn.educacion.navarra.es\/web\/wp-json\/wp\/v2\/posts\/6253"}],"collection":[{"href":"https:\/\/cppaderborn.educacion.navarra.es\/web\/wp-json\/wp\/v2\/posts"}],"about":[{"href":"https:\/\/cppaderborn.educacion.navarra.es\/web\/wp-json\/wp\/v2\/types\/post"}],"author":[{"embeddable":true,"href":"https:\/\/cppaderborn.educacion.navarra.es\/web\/wp-json\/wp\/v2\/users\/3"}],"replies":[{"embeddable":true,"href":"https:\/\/cppaderborn.educacion.navarra.es\/web\/wp-json\/wp\/v2\/comments?post=6253"}],"version-history":[{"count":1,"href":"https:\/\/cppaderborn.educacion.navarra.es\/web\/wp-json\/wp\/v2\/posts\/6253\/revisions"}],"predecessor-version":[{"id":6255,"href":"https:\/\/cppaderborn.educacion.navarra.es\/web\/wp-json\/wp\/v2\/posts\/6253\/revisions\/6255"}],"wp:featuredmedia":[{"embeddable":true,"href":"https:\/\/cppaderborn.educacion.navarra.es\/web\/wp-json\/wp\/v2\/media\/6254"}],"wp:attachment":[{"href":"https:\/\/cppaderborn.educacion.navarra.es\/web\/wp-json\/wp\/v2\/media?parent=6253"}],"wp:term":[{"taxonomy":"category","embeddable":true,"href":"https:\/\/cppaderborn.educacion.navarra.es\/web\/wp-json\/wp\/v2\/categories?post=6253"},{"taxonomy":"post_tag","embeddable":true,"href":"https:\/\/cppaderborn.educacion.navarra.es\/web\/wp-json\/wp\/v2\/tags?post=6253"}],"curies":[{"name":"wp","href":"https:\/\/api.w.org\/{rel}","templated":true}]}}