{"id":6257,"date":"2024-04-17T09:10:00","date_gmt":"2024-04-17T07:10:00","guid":{"rendered":"https:\/\/cppaderborn.educacion.navarra.es\/web\/?p=6257"},"modified":"2024-04-16T16:14:24","modified_gmt":"2024-04-16T14:14:24","slug":"investigamos-a-grandes-artistas-en-2o-ep","status":"publish","type":"post","link":"https:\/\/cppaderborn.educacion.navarra.es\/web\/blog\/investigamos-a-grandes-artistas-en-2o-ep\/","title":{"rendered":"Investigamos a grandes artistas en 2\u00ba EP"},"content":{"rendered":"\n<p><strong><em>AUTORES: I\u00f1igo Jorajuria y Elena Irigoyen<\/em><\/strong><\/p>\n\n\n\n<p>Durante el 2\u00ba trimestre el alumnado de 2\u00ba de primaria hemos investigado sobre la vida de grandes artistas\u00a0como Picasso, Kandinsky y Van Gogh y algunas de sus obras.<\/p>\n\n\n\n<p>Tras analizar algunas de sus obras, nos hemos puesto manos a la obra. Hemos trabajado conceptos como la l\u00ednea, el punto y el plano, as\u00ed\u00a0como el tipo de rectas. Adem\u00e1s hemos aprendido aspectos b\u00e1sicos sobre la teor\u00eda\u00a0del color, hemos mezclado colores primarios para obtener secundarios, la mezcla entre todos para obtener el color negro, los colores claros y oscuros, c\u00e1lidos y fr\u00edos.\u00a0<\/p>\n\n\n\n<p>Hemos\u00a0decorado nuestros\u00a0pasillos con las\u00a0obras realizadas. Paseen y vean.<\/p>\n\n\n\n<p><a href=\"https:\/\/youtu.be\/9BiGxvSXP-E\">https:\/\/youtu.be\/9BiGxvSXP-E<\/a><\/p>\n","protected":false},"excerpt":{"rendered":"<p>AUTORES: I\u00f1igo Jorajuria y Elena Irigoyen Durante el 2\u00ba trimestre el alumnado de 2\u00ba de primaria hemos investigado sobre la vida de grandes artistas\u00a0como Picasso, Kandinsky y Van Gogh y algunas de sus obras. Tras analizar algunas de sus obras, nos hemos puesto manos a la obra. Hemos trabajado conceptos como la l\u00ednea, el punto [&hellip;]<\/p>\n","protected":false},"author":3,"featured_media":6258,"comment_status":"open","ping_status":"open","sticky":false,"template":"","format":"standard","meta":{"_genesis_hide_title":false,"_genesis_hide_breadcrumbs":false,"_genesis_hide_singular_image":false,"_genesis_hide_footer_widgets":false,"_genesis_custom_body_class":"","_genesis_custom_post_class":"","_genesis_layout":"","jetpack_post_was_ever_published":false,"_jetpack_newsletter_access":"","_jetpack_dont_email_post_to_subs":false,"_jetpack_newsletter_tier_id":0,"_jetpack_memberships_contains_paywalled_content":false,"footnotes":"","_jetpack_memberships_contains_paid_content":false,"jetpack_publicize_message":"","jetpack_publicize_feature_enabled":true,"jetpack_social_post_already_shared":true,"jetpack_social_options":{"image_generator_settings":{"template":"highway","enabled":false}}},"categories":[11,1],"tags":[],"jetpack_publicize_connections":[],"jetpack_featured_media_url":"https:\/\/cppaderborn.educacion.navarra.es\/web\/wp-content\/uploads\/2024\/04\/2024-04-16-16_11_09-NOTICIA-WEB-cppaderborn-secretaria@educacion.navarra.es-Correo-de-Departamen.jpg","jetpack_sharing_enabled":true,"jetpack_likes_enabled":true,"_links":{"self":[{"href":"https:\/\/cppaderborn.educacion.navarra.es\/web\/wp-json\/wp\/v2\/posts\/6257"}],"collection":[{"href":"https:\/\/cppaderborn.educacion.navarra.es\/web\/wp-json\/wp\/v2\/posts"}],"about":[{"href":"https:\/\/cppaderborn.educacion.navarra.es\/web\/wp-json\/wp\/v2\/types\/post"}],"author":[{"embeddable":true,"href":"https:\/\/cppaderborn.educacion.navarra.es\/web\/wp-json\/wp\/v2\/users\/3"}],"replies":[{"embeddable":true,"href":"https:\/\/cppaderborn.educacion.navarra.es\/web\/wp-json\/wp\/v2\/comments?post=6257"}],"version-history":[{"count":1,"href":"https:\/\/cppaderborn.educacion.navarra.es\/web\/wp-json\/wp\/v2\/posts\/6257\/revisions"}],"predecessor-version":[{"id":6259,"href":"https:\/\/cppaderborn.educacion.navarra.es\/web\/wp-json\/wp\/v2\/posts\/6257\/revisions\/6259"}],"wp:featuredmedia":[{"embeddable":true,"href":"https:\/\/cppaderborn.educacion.navarra.es\/web\/wp-json\/wp\/v2\/media\/6258"}],"wp:attachment":[{"href":"https:\/\/cppaderborn.educacion.navarra.es\/web\/wp-json\/wp\/v2\/media?parent=6257"}],"wp:term":[{"taxonomy":"category","embeddable":true,"href":"https:\/\/cppaderborn.educacion.navarra.es\/web\/wp-json\/wp\/v2\/categories?post=6257"},{"taxonomy":"post_tag","embeddable":true,"href":"https:\/\/cppaderborn.educacion.navarra.es\/web\/wp-json\/wp\/v2\/tags?post=6257"}],"curies":[{"name":"wp","href":"https:\/\/api.w.org\/{rel}","templated":true}]}}