{"id":6264,"date":"2024-05-02T09:13:50","date_gmt":"2024-05-02T07:13:50","guid":{"rendered":"https:\/\/cppaderborn.educacion.navarra.es\/web\/?p=6264"},"modified":"2024-05-02T09:13:53","modified_gmt":"2024-05-02T07:13:53","slug":"equipo-paderborn-en-el-iv-concurso-nacional-de-estructuras-con-spaguettis","status":"publish","type":"post","link":"https:\/\/cppaderborn.educacion.navarra.es\/web\/blog\/equipo-paderborn-en-el-iv-concurso-nacional-de-estructuras-con-spaguettis\/","title":{"rendered":"Equipo Paderborn en el IV concurso nacional de estructuras con spaguettis"},"content":{"rendered":"\n<p><strong><em>Escrito por Joaqu\u00edn Arteaga, padre de alumnos del centro.<\/em><\/strong><\/p>\n\n\n\n<p>Tras un par de\u00a0meses de trabajo y bastante incertidumbre, los ni\u00f1os consiguieron presentar una estructura. Adem\u00e1s de disfrutar un mont\u00f3n con la construcci\u00f3n, y despu\u00e9s con la destrucci\u00f3n de su estructura (y todas las dem\u00e1s), al final el jurado decidi\u00f3 conceder al equipo el Premio al Mejor Dise\u00f1o Junior. En la categor\u00eda junior se presentaban 12 equipos, siendo el nuestro el \u00fanico de Primaria.<\/p>\n\n\n\n<p>Adjuntamos algunas fotos, el v\u00eddeo que la Apyma ha montado para las redes sociales, y un par de enlaces a noticias en las que se menciona el concurso y sus ganadores.<\/p>\n\n\n\n<figure class=\"wp-block-embed is-type-video is-provider-youtube wp-block-embed-youtube wp-embed-aspect-4-3 wp-has-aspect-ratio\"><div class=\"wp-block-embed__wrapper\">\n<iframe title=\"Equipo paderborn en el IV concurso nacional de estructuras con spaguettis\" width=\"500\" height=\"375\" src=\"https:\/\/www.youtube.com\/embed\/DUf4Aqr-LE4?feature=oembed\" frameborder=\"0\" allow=\"accelerometer; autoplay; clipboard-write; encrypted-media; gyroscope; picture-in-picture; web-share\" referrerpolicy=\"strict-origin-when-cross-origin\" allowfullscreen><\/iframe>\n<\/div><\/figure>\n\n\n\n<p>El equipo estaba formado oficialmente por: Gabriel P\u00e9rez, Daniel Eguizabal, Mar\u00eda Blasco, Olaia Delgado, I\u00f1igo Esteban (4\u00ba EP) y F\u00e9lix Arteaga.\u00a0 Aunque no formaban parte del equipo oficial, tambi\u00e9n participaron: Marta Blasco (2\u00baEP), Mart\u00edn Arteaga (2\u00baEP) y Unai Esteban (3\u00baEI).\u00a0<\/p>\n\n\n\n<figure class=\"wp-block-embed is-type-wp-embed is-provider-valorestop wp-block-embed-valorestop\"><div class=\"wp-block-embed__wrapper\">\n<blockquote class=\"wp-embedded-content\" data-secret=\"WDAufb4QzV\"><a href=\"https:\/\/valorestop.navarracapital.es\/los-ganadores-del-iv-concurso-nacional-de-estructuras-con-espaguetis\/\">Los ganadores del IV Concurso Nacional de Estructuras con espaguetis<\/a><\/blockquote><iframe class=\"wp-embedded-content\" sandbox=\"allow-scripts\" security=\"restricted\" style=\"position: absolute; clip: rect(1px, 1px, 1px, 1px);\" title=\"\u00abLos ganadores del IV Concurso Nacional de Estructuras con espaguetis\u00bb \u2014 ValoresTOP\" src=\"https:\/\/valorestop.navarracapital.es\/los-ganadores-del-iv-concurso-nacional-de-estructuras-con-espaguetis\/embed\/#?secret=wjbxt1Vohd#?secret=WDAufb4QzV\" data-secret=\"WDAufb4QzV\" width=\"500\" height=\"282\" frameborder=\"0\" marginwidth=\"0\" marginheight=\"0\" scrolling=\"no\"><\/iframe>\n<\/div><\/figure>\n\n\n\n<p><a href=\"https:\/\/www.linkedin.com\/posts\/concurso-nacional-de-estructuras_enhorabuena-el-s%C3%A1bado-vivimos-una-jornada-activity-7190662339115823104-T69f?utm_source=share&amp;utm_medium=member_ios\">https:\/\/www.linkedin.com\/posts\/concurso-nacional-de-estructuras_enhorabuena-el-s%C3%A1bado-vivimos-una-jornada-activity-7190662339115823104-T69f?utm_source=share&amp;utm_medium=member_ios<\/a><\/p>\n\n\n\n<p><\/p>\n\n\n","protected":false},"excerpt":{"rendered":"<p>Escrito por Joaqu\u00edn Arteaga, padre de alumnos del centro. Tras un par de\u00a0meses de trabajo y bastante incertidumbre, los ni\u00f1os consiguieron presentar una estructura. Adem\u00e1s de disfrutar un mont\u00f3n con la construcci\u00f3n, y despu\u00e9s con la destrucci\u00f3n de su estructura (y todas las dem\u00e1s), al final el jurado decidi\u00f3 conceder al equipo el Premio al [&hellip;]<\/p>\n","protected":false},"author":3,"featured_media":6265,"comment_status":"open","ping_status":"open","sticky":false,"template":"","format":"standard","meta":{"_genesis_hide_title":false,"_genesis_hide_breadcrumbs":false,"_genesis_hide_singular_image":false,"_genesis_hide_footer_widgets":false,"_genesis_custom_body_class":"","_genesis_custom_post_class":"","_genesis_layout":"","jetpack_post_was_ever_published":false,"_jetpack_newsletter_access":"","_jetpack_dont_email_post_to_subs":false,"_jetpack_newsletter_tier_id":0,"_jetpack_memberships_contains_paywalled_content":false,"footnotes":"","_jetpack_memberships_contains_paid_content":false,"jetpack_publicize_message":"","jetpack_publicize_feature_enabled":true,"jetpack_social_post_already_shared":true,"jetpack_social_options":{"image_generator_settings":{"template":"highway","enabled":false}}},"categories":[11,17,1],"tags":[],"jetpack_publicize_connections":[],"jetpack_featured_media_url":"https:\/\/cppaderborn.educacion.navarra.es\/web\/wp-content\/uploads\/2024\/05\/PHOTO-2024-04-27-09-30-24.jpg","jetpack_sharing_enabled":true,"jetpack_likes_enabled":true,"_links":{"self":[{"href":"https:\/\/cppaderborn.educacion.navarra.es\/web\/wp-json\/wp\/v2\/posts\/6264"}],"collection":[{"href":"https:\/\/cppaderborn.educacion.navarra.es\/web\/wp-json\/wp\/v2\/posts"}],"about":[{"href":"https:\/\/cppaderborn.educacion.navarra.es\/web\/wp-json\/wp\/v2\/types\/post"}],"author":[{"embeddable":true,"href":"https:\/\/cppaderborn.educacion.navarra.es\/web\/wp-json\/wp\/v2\/users\/3"}],"replies":[{"embeddable":true,"href":"https:\/\/cppaderborn.educacion.navarra.es\/web\/wp-json\/wp\/v2\/comments?post=6264"}],"version-history":[{"count":1,"href":"https:\/\/cppaderborn.educacion.navarra.es\/web\/wp-json\/wp\/v2\/posts\/6264\/revisions"}],"predecessor-version":[{"id":6266,"href":"https:\/\/cppaderborn.educacion.navarra.es\/web\/wp-json\/wp\/v2\/posts\/6264\/revisions\/6266"}],"wp:featuredmedia":[{"embeddable":true,"href":"https:\/\/cppaderborn.educacion.navarra.es\/web\/wp-json\/wp\/v2\/media\/6265"}],"wp:attachment":[{"href":"https:\/\/cppaderborn.educacion.navarra.es\/web\/wp-json\/wp\/v2\/media?parent=6264"}],"wp:term":[{"taxonomy":"category","embeddable":true,"href":"https:\/\/cppaderborn.educacion.navarra.es\/web\/wp-json\/wp\/v2\/categories?post=6264"},{"taxonomy":"post_tag","embeddable":true,"href":"https:\/\/cppaderborn.educacion.navarra.es\/web\/wp-json\/wp\/v2\/tags?post=6264"}],"curies":[{"name":"wp","href":"https:\/\/api.w.org\/{rel}","templated":true}]}}