{"id":6291,"date":"2024-05-16T21:33:00","date_gmt":"2024-05-16T19:33:00","guid":{"rendered":"https:\/\/cppaderborn.educacion.navarra.es\/web\/?p=6291"},"modified":"2024-05-15T12:37:42","modified_gmt":"2024-05-15T10:37:42","slug":"exposicion-elikabizia-de-alimentacion-saludable","status":"publish","type":"post","link":"https:\/\/cppaderborn.educacion.navarra.es\/web\/blog\/exposicion-elikabizia-de-alimentacion-saludable\/","title":{"rendered":"Exposici\u00f3n Elikabizia de alimentaci\u00f3n saludable"},"content":{"rendered":"\n<p><strong><em>Escrito por Manuel Molina, maestro de EF<\/em><\/strong><\/p>\n\n\n\n<p>El alumnado de 5\u00ba y 6\u00ba del centro ha realizado una actividad dentro del programa de alimentaci\u00f3n saludable que est\u00e1 llevando a cabo el centro con la empresa de comedor (AUSOLAN).<\/p>\n\n\n\n<p>Durante unos d\u00edas, estar\u00e1n en la segunda planta los expositores de la actividad realizada. Los grupos que quieran pueden subir a visitarlos.&nbsp;<\/p>\n\n\n\n<p>Os dejamos el enlace con la informaci\u00f3n del proyecto.<\/p>\n\n\n\n<p><a href=\"https:\/\/www.fundacionausolan.org\/actividades\/elikabizia\" target=\"_blank\" rel=\"noreferrer noopener\">Fundaci\u00f3n Ausolan<\/a><\/p>\n\n\n\n<p>PROYECTO ELIKABIZIA .\u00a0UNA EXPOSICI\u00d3N ESCOLAR QUE PROMUEVE UNA ALIMENTACI\u00d3N SALUDABLE, SOSTENIBLE Y SOLIDARIA<\/p>\n\n\n","protected":false},"excerpt":{"rendered":"<p>Escrito por Manuel Molina, maestro de EF El alumnado de 5\u00ba y 6\u00ba del centro ha realizado una actividad dentro del programa de alimentaci\u00f3n saludable que est\u00e1 llevando a cabo el centro con la empresa de comedor (AUSOLAN). Durante unos d\u00edas, estar\u00e1n en la segunda planta los expositores de la actividad realizada. Los grupos que [&hellip;]<\/p>\n","protected":false},"author":3,"featured_media":6292,"comment_status":"open","ping_status":"open","sticky":false,"template":"","format":"standard","meta":{"_genesis_hide_title":false,"_genesis_hide_breadcrumbs":false,"_genesis_hide_singular_image":false,"_genesis_hide_footer_widgets":false,"_genesis_custom_body_class":"","_genesis_custom_post_class":"","_genesis_layout":"","jetpack_post_was_ever_published":false,"_jetpack_newsletter_access":"","_jetpack_dont_email_post_to_subs":false,"_jetpack_newsletter_tier_id":0,"_jetpack_memberships_contains_paywalled_content":false,"footnotes":"","_jetpack_memberships_contains_paid_content":false,"jetpack_publicize_message":"","jetpack_publicize_feature_enabled":true,"jetpack_social_post_already_shared":true,"jetpack_social_options":{"image_generator_settings":{"template":"highway","enabled":false}}},"categories":[11,1],"tags":[],"jetpack_publicize_connections":[],"jetpack_featured_media_url":"https:\/\/cppaderborn.educacion.navarra.es\/web\/wp-content\/uploads\/2024\/05\/1715763023536-1-scaled.jpg","jetpack_sharing_enabled":true,"jetpack_likes_enabled":true,"_links":{"self":[{"href":"https:\/\/cppaderborn.educacion.navarra.es\/web\/wp-json\/wp\/v2\/posts\/6291"}],"collection":[{"href":"https:\/\/cppaderborn.educacion.navarra.es\/web\/wp-json\/wp\/v2\/posts"}],"about":[{"href":"https:\/\/cppaderborn.educacion.navarra.es\/web\/wp-json\/wp\/v2\/types\/post"}],"author":[{"embeddable":true,"href":"https:\/\/cppaderborn.educacion.navarra.es\/web\/wp-json\/wp\/v2\/users\/3"}],"replies":[{"embeddable":true,"href":"https:\/\/cppaderborn.educacion.navarra.es\/web\/wp-json\/wp\/v2\/comments?post=6291"}],"version-history":[{"count":1,"href":"https:\/\/cppaderborn.educacion.navarra.es\/web\/wp-json\/wp\/v2\/posts\/6291\/revisions"}],"predecessor-version":[{"id":6293,"href":"https:\/\/cppaderborn.educacion.navarra.es\/web\/wp-json\/wp\/v2\/posts\/6291\/revisions\/6293"}],"wp:featuredmedia":[{"embeddable":true,"href":"https:\/\/cppaderborn.educacion.navarra.es\/web\/wp-json\/wp\/v2\/media\/6292"}],"wp:attachment":[{"href":"https:\/\/cppaderborn.educacion.navarra.es\/web\/wp-json\/wp\/v2\/media?parent=6291"}],"wp:term":[{"taxonomy":"category","embeddable":true,"href":"https:\/\/cppaderborn.educacion.navarra.es\/web\/wp-json\/wp\/v2\/categories?post=6291"},{"taxonomy":"post_tag","embeddable":true,"href":"https:\/\/cppaderborn.educacion.navarra.es\/web\/wp-json\/wp\/v2\/tags?post=6291"}],"curies":[{"name":"wp","href":"https:\/\/api.w.org\/{rel}","templated":true}]}}