{"id":6309,"date":"2024-05-27T09:00:00","date_gmt":"2024-05-27T07:00:00","guid":{"rendered":"https:\/\/cppaderborn.educacion.navarra.es\/web\/?p=6309"},"modified":"2024-05-24T13:27:21","modified_gmt":"2024-05-24T11:27:21","slug":"visita-a-bertiz-del-alumnado-de-4-anos","status":"publish","type":"post","link":"https:\/\/cppaderborn.educacion.navarra.es\/web\/blog\/visita-a-bertiz-del-alumnado-de-4-anos\/","title":{"rendered":"Visita a Bertiz del alumnado de 4 a\u00f1os"},"content":{"rendered":"\n<p><strong>Escrito por Laura Esnoz, tutora de 2\u00ba EI B<\/strong><\/p>\n\n\n\n<p>El pasado viernes d\u00eda 3 de mayo el alumnado de 4 a\u00f1os de Educaci\u00f3n Infantil visit\u00f3 el jard\u00edn hist\u00f3rico de Bertiz. En este espacio pudimos apreciar muchas especies vegetales tanto aut\u00f3ctonas como tra\u00eddas de otros lugares lejanos, as\u00ed como muchas especies de insectos. Tambi\u00e9n nos hablaron de la cantidad de animales que se esconden entre estos bosques que hemos estado conociendo antes en el aula.<\/p>\n\n\n","protected":false},"excerpt":{"rendered":"<p>Escrito por Laura Esnoz, tutora de 2\u00ba EI B El pasado viernes d\u00eda 3 de mayo el alumnado de 4 a\u00f1os de Educaci\u00f3n Infantil visit\u00f3 el jard\u00edn hist\u00f3rico de Bertiz. En este espacio pudimos apreciar muchas especies vegetales tanto aut\u00f3ctonas como tra\u00eddas de otros lugares lejanos, as\u00ed como muchas especies de insectos. Tambi\u00e9n nos hablaron [&hellip;]<\/p>\n","protected":false},"author":3,"featured_media":6310,"comment_status":"open","ping_status":"open","sticky":false,"template":"","format":"standard","meta":{"_genesis_hide_title":false,"_genesis_hide_breadcrumbs":false,"_genesis_hide_singular_image":false,"_genesis_hide_footer_widgets":false,"_genesis_custom_body_class":"","_genesis_custom_post_class":"","_genesis_layout":"","jetpack_post_was_ever_published":false,"_jetpack_newsletter_access":"","_jetpack_dont_email_post_to_subs":false,"_jetpack_newsletter_tier_id":0,"_jetpack_memberships_contains_paywalled_content":false,"footnotes":"","_jetpack_memberships_contains_paid_content":false,"jetpack_publicize_message":"","jetpack_publicize_feature_enabled":true,"jetpack_social_post_already_shared":true,"jetpack_social_options":{"image_generator_settings":{"template":"highway","enabled":false}}},"categories":[11,17,1],"tags":[],"jetpack_publicize_connections":[],"jetpack_featured_media_url":"https:\/\/cppaderborn.educacion.navarra.es\/web\/wp-content\/uploads\/2024\/05\/PXL_20240503_093546526.MP-1.jpg","jetpack_sharing_enabled":true,"jetpack_likes_enabled":true,"_links":{"self":[{"href":"https:\/\/cppaderborn.educacion.navarra.es\/web\/wp-json\/wp\/v2\/posts\/6309"}],"collection":[{"href":"https:\/\/cppaderborn.educacion.navarra.es\/web\/wp-json\/wp\/v2\/posts"}],"about":[{"href":"https:\/\/cppaderborn.educacion.navarra.es\/web\/wp-json\/wp\/v2\/types\/post"}],"author":[{"embeddable":true,"href":"https:\/\/cppaderborn.educacion.navarra.es\/web\/wp-json\/wp\/v2\/users\/3"}],"replies":[{"embeddable":true,"href":"https:\/\/cppaderborn.educacion.navarra.es\/web\/wp-json\/wp\/v2\/comments?post=6309"}],"version-history":[{"count":1,"href":"https:\/\/cppaderborn.educacion.navarra.es\/web\/wp-json\/wp\/v2\/posts\/6309\/revisions"}],"predecessor-version":[{"id":6311,"href":"https:\/\/cppaderborn.educacion.navarra.es\/web\/wp-json\/wp\/v2\/posts\/6309\/revisions\/6311"}],"wp:featuredmedia":[{"embeddable":true,"href":"https:\/\/cppaderborn.educacion.navarra.es\/web\/wp-json\/wp\/v2\/media\/6310"}],"wp:attachment":[{"href":"https:\/\/cppaderborn.educacion.navarra.es\/web\/wp-json\/wp\/v2\/media?parent=6309"}],"wp:term":[{"taxonomy":"category","embeddable":true,"href":"https:\/\/cppaderborn.educacion.navarra.es\/web\/wp-json\/wp\/v2\/categories?post=6309"},{"taxonomy":"post_tag","embeddable":true,"href":"https:\/\/cppaderborn.educacion.navarra.es\/web\/wp-json\/wp\/v2\/tags?post=6309"}],"curies":[{"name":"wp","href":"https:\/\/api.w.org\/{rel}","templated":true}]}}